{"id":5608,"date":"2018-11-02T09:03:40","date_gmt":"2018-11-02T08:03:40","guid":{"rendered":"https:\/\/www.mouthiers-sur-boeme.fr\/?p=5608"},"modified":"2018-11-18T19:59:32","modified_gmt":"2018-11-18T18:59:32","slug":"cinema-jeudi-8-nov-20h30-gratuit","status":"publish","type":"post","link":"https:\/\/www.mouthiers-sur-boeme.fr\/?p=5608","title":{"rendered":"CIN\u00c9MA jeudi 8 nov 20h30 OFFERT"},"content":{"rendered":"<p>A l&rsquo;occasion du centenaire de la fin de la guerre de 1914-1918, la mairie et la MJC vous propose une projection gratuite du film<\/p>\n<h2><em><span style=\"color: #ff0000;\">Les fragments d\u2019Antonin<\/span> <\/em><\/h2>\n<p>Film r\u00e9alis\u00e9 en 2006 par Gabriel Le Bomin.<\/p>\n<p>Le film raconte l\u2019histoire d\u2019Antonin, soldat fran\u00e7ais atteint de troubles psychologiques, suite \u00e0 la Premi\u00e8re Guerre mondiale. En 1919-1920, il est hospitalis\u00e9 dans la section psychiatrie d\u2019un h\u00f4pital accueillant des militaires bless\u00e9s durant le conflit. Son seul vocabulaire se limite \u00e0 cinq noms : Madeleine, Ernst, Jean, Simon et Jurgen. De m\u00eame, il r\u00e9p\u00e8te inlassablement les m\u00eames gestes. Le docteur Labrousse, expert en psychiatrie, essaie de le soigner en l\u2019aidant \u00e0 se rem\u00e9morer des moments de vie correspondants aux gestes et aux pr\u00e9noms r\u00e9p\u00e9t\u00e9s. C\u2019est ainsi qu\u2019en m\u00eame temps qu\u2019Antonin, le spectateur revit ses moments forts de la guerre, souvenirs empreints d\u2019horreur, de violence, mais aussi de tendresse. Le film int\u00e8gre \u00e9norm\u00e9ment de flash-back, qui nous emm\u00e8nent dans le pass\u00e9 du personnage, et dans un ordre qui n\u2019est pas sp\u00e9cialement chronologique (par rapport au d\u00e9roulement du conflit tel que le vit le h\u00e9ros). Mais le principe des flash-back peut \u00eatre d\u00e9routant, et il est facile de s\u2019y perdre et de se demander \u00ab <em>Cette s\u00e9quence se passe-t-elle avant ou apr\u00e8s la<\/em> <em>pr\u00e9c\u00e9dente ? <\/em>\u00bb. Au fur et \u00e0 mesure que le film avance, on d\u00e9couvre les moments li\u00e9s aux gestes et noms maintes fois r\u00e9p\u00e9t\u00e9s.<\/p>\n<p><img loading=\"lazy\" class=\"alignnone size-medium wp-image-5609\" src=\"https:\/\/www.mouthiers-sur-boeme.fr\/wp-content\/uploads\/2018\/11\/AFFICHE-LES-FRAGMENTS-DANTHONIN-225x300.jpg\" alt=\"\" width=\"225\" height=\"300\" \/><\/p>\n<p>Nous vous attendons nombreux \u00e9galement le dimanche 11 novembre aux monument aux morts, \u00e0 11 heures.<\/p>\n","protected":false},"excerpt":{"rendered":"<p>A l&rsquo;occasion du centenaire de la fin de la guerre de 1914-1918, la mairie et la MJC vous propose une projection gratuite du film Les fragments d\u2019Antonin Film r\u00e9alis\u00e9 en 2006 par Gabriel Le Bomin. Le film raconte l\u2019histoire d\u2019Antonin, soldat fran\u00e7ais atteint de troubles psychologiques, suite \u00e0 la Premi\u00e8re Guerre mondiale. En 1919-1920, il &hellip; <a href=\"https:\/\/www.mouthiers-sur-boeme.fr\/?p=5608\" class=\"more-link\">Continuer la lecture de <span class=\"screen-reader-text\">CIN\u00c9MA jeudi 8 nov 20h30 OFFERT<\/span>  <span class=\"meta-nav\">&rarr;<\/span><\/a><\/p>\n","protected":false},"author":22,"featured_media":0,"comment_status":"open","ping_status":"open","sticky":false,"template":"","format":"standard","meta":[],"categories":[65,11,71],"tags":[],"_links":{"self":[{"href":"https:\/\/www.mouthiers-sur-boeme.fr\/index.php?rest_route=\/wp\/v2\/posts\/5608"}],"collection":[{"href":"https:\/\/www.mouthiers-sur-boeme.fr\/index.php?rest_route=\/wp\/v2\/posts"}],"about":[{"href":"https:\/\/www.mouthiers-sur-boeme.fr\/index.php?rest_route=\/wp\/v2\/types\/post"}],"author":[{"embeddable":true,"href":"https:\/\/www.mouthiers-sur-boeme.fr\/index.php?rest_route=\/wp\/v2\/users\/22"}],"replies":[{"embeddable":true,"href":"https:\/\/www.mouthiers-sur-boeme.fr\/index.php?rest_route=%2Fwp%2Fv2%2Fcomments&post=5608"}],"version-history":[{"count":2,"href":"https:\/\/www.mouthiers-sur-boeme.fr\/index.php?rest_route=\/wp\/v2\/posts\/5608\/revisions"}],"predecessor-version":[{"id":5661,"href":"https:\/\/www.mouthiers-sur-boeme.fr\/index.php?rest_route=\/wp\/v2\/posts\/5608\/revisions\/5661"}],"wp:attachment":[{"href":"https:\/\/www.mouthiers-sur-boeme.fr\/index.php?rest_route=%2Fwp%2Fv2%2Fmedia&parent=5608"}],"wp:term":[{"taxonomy":"category","embeddable":true,"href":"https:\/\/www.mouthiers-sur-boeme.fr\/index.php?rest_route=%2Fwp%2Fv2%2Fcategories&post=5608"},{"taxonomy":"post_tag","embeddable":true,"href":"https:\/\/www.mouthiers-sur-boeme.fr\/index.php?rest_route=%2Fwp%2Fv2%2Ftags&post=5608"}],"curies":[{"name":"wp","href":"https:\/\/api.w.org\/{rel}","templated":true}]}}