{"id":5629,"date":"2018-11-02T14:51:32","date_gmt":"2018-11-02T13:51:32","guid":{"rendered":"https:\/\/www.mouthiers-sur-boeme.fr\/?p=5629"},"modified":"2018-11-21T09:45:35","modified_gmt":"2018-11-21T08:45:35","slug":"evenement-11-novembre-centenaire-de-la-guerre","status":"publish","type":"post","link":"https:\/\/www.mouthiers-sur-boeme.fr\/?p=5629","title":{"rendered":"\u00c9V\u00c9NEMENT 11 Novembre &#8211; Centenaire de la Guerre"},"content":{"rendered":"<p>Dans le cadre du centenaire de la fin de la Premi\u00e8re Guerre Mondiale, venez d\u00e9couvrir du 6 au 24 Novembre deux<br \/>\nexpositions \u00e0 la m\u00e9diath\u00e8que de Mouthiers :<!--more--><\/p>\n<ul>\n<li>La Guerre des Lulus et Mouthiers comm\u00e9more l\u2019Armistice<br \/>\nde Bo\u00ebme Patrimoine.<\/li>\n<\/ul>\n<p><a href=\"https:\/\/www.mouthiers-sur-boeme.fr\/wp-content\/uploads\/2018\/11\/guerre-des-lulu.jpg\"><img loading=\"lazy\" class=\"aligncenter size-medium wp-image-5627\" src=\"https:\/\/www.mouthiers-sur-boeme.fr\/wp-content\/uploads\/2018\/11\/guerre-des-lulu-212x300.jpg\" alt=\"\" width=\"212\" height=\"300\" \/><\/a><em>Lucas, Lucien, Luigi et Ludwig sont quatre des pensionnaires de<\/em><br \/>\n<em>l\u2019orphelinat de l\u2019abbaye de Valencourt en Picardie. Tout le monde les surnomme les Lulus. En cet \u00e9t\u00e9 1914, lorsque l\u2019instituteur est appel\u00e9 comme tant d\u2019autres sous les drapeaux, personne n\u2019imagine que c\u2019est pour tr\u00e8s longtemps. Et les Lulus ne se figurent \u00e9videmment pas une seconde que la guerre va d\u00e9ferler sur le monde finalement rassurant qu\u2019ils connaissent. Bient\u00f4t, le fracas de l\u2019artillerie r\u00e9sonne dans le ciel d\u2019\u00e9t\u00e9. Il faut partir, vite. Mais lorsque la troupe \u00e9vacue l\u2019abbaye manu militari,les Lulus, qui ont une fois de plus fait le mur, manquent \u00e0 l\u2019appel. Sans l\u2019avoir voulu, ils se retrouvent soudain \u00e0 l\u2019arri\u00e8re des lignes allemandes.<\/em><\/p>\n<ul>\n<li>Exposition BO\u00cbME PATRIMOINE\u00bb du 8 au 23 Novembre 2018<br \/>\nMouthiers f\u00eate le centenaire de l&rsquo;Armistice de la Grande Guerre<br \/>\norganis\u00e9e par l&rsquo;association Bo\u00ebme Patrimoine.<br \/>\nUne exposition qui va nous replonger dans cette p\u00e9riode dramatique avec une mise en lumi\u00e8re sur les poilus Monast\u00e9riens morts pour la France en 1918.<\/li>\n<\/ul>\n<p><a href=\"https:\/\/www.mouthiers-sur-boeme.fr\/wp-content\/uploads\/2018\/11\/DSC_0004.jpg\"><img loading=\"lazy\" class=\"aligncenter size-medium wp-image-5630\" src=\"https:\/\/www.mouthiers-sur-boeme.fr\/wp-content\/uploads\/2018\/11\/DSC_0004-300x203.jpg\" alt=\"\" width=\"300\" height=\"203\" srcset=\"https:\/\/www.mouthiers-sur-boeme.fr\/wp-content\/uploads\/2018\/11\/DSC_0004-300x203.jpg 300w, https:\/\/www.mouthiers-sur-boeme.fr\/wp-content\/uploads\/2018\/11\/DSC_0004-768x520.jpg 768w, https:\/\/www.mouthiers-sur-boeme.fr\/wp-content\/uploads\/2018\/11\/DSC_0004-1024x693.jpg 1024w\" sizes=\"(max-width: 300px) 100vw, 300px\" \/><\/a><\/p>\n<p>&nbsp;<\/p>\n<p>&nbsp;<\/p>\n","protected":false},"excerpt":{"rendered":"<p>Dans le cadre du centenaire de la fin de la Premi\u00e8re Guerre Mondiale, venez d\u00e9couvrir du 6 au 24 Novembre deux expositions \u00e0 la m\u00e9diath\u00e8que de Mouthiers :<\/p>\n","protected":false},"author":22,"featured_media":5628,"comment_status":"open","ping_status":"open","sticky":false,"template":"","format":"standard","meta":[],"categories":[17,13],"tags":[],"_links":{"self":[{"href":"https:\/\/www.mouthiers-sur-boeme.fr\/index.php?rest_route=\/wp\/v2\/posts\/5629"}],"collection":[{"href":"https:\/\/www.mouthiers-sur-boeme.fr\/index.php?rest_route=\/wp\/v2\/posts"}],"about":[{"href":"https:\/\/www.mouthiers-sur-boeme.fr\/index.php?rest_route=\/wp\/v2\/types\/post"}],"author":[{"embeddable":true,"href":"https:\/\/www.mouthiers-sur-boeme.fr\/index.php?rest_route=\/wp\/v2\/users\/22"}],"replies":[{"embeddable":true,"href":"https:\/\/www.mouthiers-sur-boeme.fr\/index.php?rest_route=%2Fwp%2Fv2%2Fcomments&post=5629"}],"version-history":[{"count":2,"href":"https:\/\/www.mouthiers-sur-boeme.fr\/index.php?rest_route=\/wp\/v2\/posts\/5629\/revisions"}],"predecessor-version":[{"id":5642,"href":"https:\/\/www.mouthiers-sur-boeme.fr\/index.php?rest_route=\/wp\/v2\/posts\/5629\/revisions\/5642"}],"wp:featuredmedia":[{"embeddable":true,"href":"https:\/\/www.mouthiers-sur-boeme.fr\/index.php?rest_route=\/wp\/v2\/media\/5628"}],"wp:attachment":[{"href":"https:\/\/www.mouthiers-sur-boeme.fr\/index.php?rest_route=%2Fwp%2Fv2%2Fmedia&parent=5629"}],"wp:term":[{"taxonomy":"category","embeddable":true,"href":"https:\/\/www.mouthiers-sur-boeme.fr\/index.php?rest_route=%2Fwp%2Fv2%2Fcategories&post=5629"},{"taxonomy":"post_tag","embeddable":true,"href":"https:\/\/www.mouthiers-sur-boeme.fr\/index.php?rest_route=%2Fwp%2Fv2%2Ftags&post=5629"}],"curies":[{"name":"wp","href":"https:\/\/api.w.org\/{rel}","templated":true}]}}