{"id":5643,"date":"2018-11-06T16:48:59","date_gmt":"2018-11-06T15:48:59","guid":{"rendered":"https:\/\/www.mouthiers-sur-boeme.fr\/?p=5643"},"modified":"2018-11-21T10:57:55","modified_gmt":"2018-11-21T09:57:55","slug":"mercredi-14-novembre-a-18h30-mediatheque-rencontre-avec-katrina-kalda","status":"publish","type":"post","link":"https:\/\/www.mouthiers-sur-boeme.fr\/?p=5643","title":{"rendered":"MERCREDI 14 NOVEMBRE \u00c0 18H30 M\u00c9DIATH\u00c8QUE- Rencontre avec Katrina Kalda"},"content":{"rendered":"<p>Dans le cadre du Prix des litt\u00e9ratures europ\u00e9ennes de Cognac, venez rencontrer Katrina Kalda le mercredi 14 novembre \u00e0 18h30 \u00e0 la m\u00e9diath\u00e8que de Mouthiers.<br \/>\nAuteure de \u00abLe pays o\u00f9 les arbres n\u2019ont pas d\u2019ombre\u00bb, s\u00e9lection des litt\u00e9ratures europ\u00e9nnes de Cognac apr\u00e8s avoir \u00e9t\u00e9 \u00e9galement dans la s\u00e9lection des litt\u00e9ratures m\u00e9tisses de cette ann\u00e9e, Katrina Kalda est une femme de lettres fran\u00e7aise d\u2019origine estonienne, n\u00e9e en 1980 \u00e0 Tallinn, en Estonie.<\/p>\n<p>&nbsp;<\/p>\n","protected":false},"excerpt":{"rendered":"<p>Dans le cadre du Prix des litt\u00e9ratures europ\u00e9ennes de Cognac, venez rencontrer Katrina Kalda le mercredi 14 novembre \u00e0 18h30 \u00e0 la m\u00e9diath\u00e8que de Mouthiers. Auteure de \u00abLe pays o\u00f9 les arbres n\u2019ont pas d\u2019ombre\u00bb, s\u00e9lection des litt\u00e9ratures europ\u00e9nnes de Cognac apr\u00e8s avoir \u00e9t\u00e9 \u00e9galement dans la s\u00e9lection des litt\u00e9ratures m\u00e9tisses de cette ann\u00e9e, Katrina &hellip; <a href=\"https:\/\/www.mouthiers-sur-boeme.fr\/?p=5643\" class=\"more-link\">Continuer la lecture de <span class=\"screen-reader-text\">MERCREDI 14 NOVEMBRE \u00c0 18H30 M\u00c9DIATH\u00c8QUE- Rencontre avec Katrina Kalda<\/span>  <span class=\"meta-nav\">&rarr;<\/span><\/a><\/p>\n","protected":false},"author":22,"featured_media":5644,"comment_status":"open","ping_status":"open","sticky":false,"template":"","format":"standard","meta":[],"categories":[20],"tags":[],"_links":{"self":[{"href":"https:\/\/www.mouthiers-sur-boeme.fr\/index.php?rest_route=\/wp\/v2\/posts\/5643"}],"collection":[{"href":"https:\/\/www.mouthiers-sur-boeme.fr\/index.php?rest_route=\/wp\/v2\/posts"}],"about":[{"href":"https:\/\/www.mouthiers-sur-boeme.fr\/index.php?rest_route=\/wp\/v2\/types\/post"}],"author":[{"embeddable":true,"href":"https:\/\/www.mouthiers-sur-boeme.fr\/index.php?rest_route=\/wp\/v2\/users\/22"}],"replies":[{"embeddable":true,"href":"https:\/\/www.mouthiers-sur-boeme.fr\/index.php?rest_route=%2Fwp%2Fv2%2Fcomments&post=5643"}],"version-history":[{"count":1,"href":"https:\/\/www.mouthiers-sur-boeme.fr\/index.php?rest_route=\/wp\/v2\/posts\/5643\/revisions"}],"predecessor-version":[{"id":5645,"href":"https:\/\/www.mouthiers-sur-boeme.fr\/index.php?rest_route=\/wp\/v2\/posts\/5643\/revisions\/5645"}],"wp:featuredmedia":[{"embeddable":true,"href":"https:\/\/www.mouthiers-sur-boeme.fr\/index.php?rest_route=\/wp\/v2\/media\/5644"}],"wp:attachment":[{"href":"https:\/\/www.mouthiers-sur-boeme.fr\/index.php?rest_route=%2Fwp%2Fv2%2Fmedia&parent=5643"}],"wp:term":[{"taxonomy":"category","embeddable":true,"href":"https:\/\/www.mouthiers-sur-boeme.fr\/index.php?rest_route=%2Fwp%2Fv2%2Fcategories&post=5643"},{"taxonomy":"post_tag","embeddable":true,"href":"https:\/\/www.mouthiers-sur-boeme.fr\/index.php?rest_route=%2Fwp%2Fv2%2Ftags&post=5643"}],"curies":[{"name":"wp","href":"https:\/\/api.w.org\/{rel}","templated":true}]}}