{"id":5664,"date":"2018-11-20T13:33:25","date_gmt":"2018-11-20T12:33:25","guid":{"rendered":"https:\/\/www.mouthiers-sur-boeme.fr\/?p=5664"},"modified":"2018-11-21T11:53:48","modified_gmt":"2018-11-21T10:53:48","slug":"prix-des-litteratures-europeennes-de-cognac-2","status":"publish","type":"post","link":"https:\/\/www.mouthiers-sur-boeme.fr\/?p=5664","title":{"rendered":"Prix des Litt\u00e9ratures Europ\u00e9ennes de Cognac"},"content":{"rendered":"<p>Hier samedi 17 novembre, nous sommes all\u00e9es \u00e0 la remise du Prix des Litt\u00e9ratures Europ\u00e9ennes de Cognac.\u00a0 C&rsquo;est Katrina Kalda qui a \u00e9t\u00e9 r\u00e9compens\u00e9e. <a href=\"https:\/\/www.mouthiers-sur-boeme.fr\/wp-content\/uploads\/2018\/11\/Katrina-Kalda-\u00e0-la-m\u00e9diath\u00e8que..jpg\"><img loading=\"lazy\" class=\"aligncenter size-medium wp-image-5696\" src=\"https:\/\/www.mouthiers-sur-boeme.fr\/wp-content\/uploads\/2018\/11\/Katrina-Kalda-\u00e0-la-m\u00e9diath\u00e8que.-300x199.jpg\" alt=\"\" width=\"300\" height=\"199\" srcset=\"https:\/\/www.mouthiers-sur-boeme.fr\/wp-content\/uploads\/2018\/11\/Katrina-Kalda-\u00e0-la-m\u00e9diath\u00e8que.-300x199.jpg 300w, https:\/\/www.mouthiers-sur-boeme.fr\/wp-content\/uploads\/2018\/11\/Katrina-Kalda-\u00e0-la-m\u00e9diath\u00e8que.-768x510.jpg 768w, https:\/\/www.mouthiers-sur-boeme.fr\/wp-content\/uploads\/2018\/11\/Katrina-Kalda-\u00e0-la-m\u00e9diath\u00e8que.-1024x680.jpg 1024w\" sizes=\"(max-width: 300px) 100vw, 300px\" \/><\/a>La m\u00e9diath\u00e8que de Mouthiers a re\u00e7u\u00a0 Katrina Kalda mercredi 14 novembre.\u00a0 Rencontre tr\u00e8s appr\u00e9ci\u00e9e par les personnes pr\u00e9sentes.<\/p>\n<p>Bravo Katrina Kalda.<\/p>\n","protected":false},"excerpt":{"rendered":"<p>Hier samedi 17 novembre, nous sommes all\u00e9es \u00e0 la remise du Prix des Litt\u00e9ratures Europ\u00e9ennes de Cognac.\u00a0 C&rsquo;est Katrina Kalda qui a \u00e9t\u00e9 r\u00e9compens\u00e9e. La m\u00e9diath\u00e8que de Mouthiers a re\u00e7u\u00a0 Katrina Kalda mercredi 14 novembre.\u00a0 Rencontre tr\u00e8s appr\u00e9ci\u00e9e par les personnes pr\u00e9sentes. Bravo Katrina Kalda.<\/p>\n","protected":false},"author":22,"featured_media":0,"comment_status":"open","ping_status":"open","sticky":false,"template":"","format":"standard","meta":[],"categories":[20],"tags":[],"_links":{"self":[{"href":"https:\/\/www.mouthiers-sur-boeme.fr\/index.php?rest_route=\/wp\/v2\/posts\/5664"}],"collection":[{"href":"https:\/\/www.mouthiers-sur-boeme.fr\/index.php?rest_route=\/wp\/v2\/posts"}],"about":[{"href":"https:\/\/www.mouthiers-sur-boeme.fr\/index.php?rest_route=\/wp\/v2\/types\/post"}],"author":[{"embeddable":true,"href":"https:\/\/www.mouthiers-sur-boeme.fr\/index.php?rest_route=\/wp\/v2\/users\/22"}],"replies":[{"embeddable":true,"href":"https:\/\/www.mouthiers-sur-boeme.fr\/index.php?rest_route=%2Fwp%2Fv2%2Fcomments&post=5664"}],"version-history":[{"count":3,"href":"https:\/\/www.mouthiers-sur-boeme.fr\/index.php?rest_route=\/wp\/v2\/posts\/5664\/revisions"}],"predecessor-version":[{"id":5697,"href":"https:\/\/www.mouthiers-sur-boeme.fr\/index.php?rest_route=\/wp\/v2\/posts\/5664\/revisions\/5697"}],"wp:attachment":[{"href":"https:\/\/www.mouthiers-sur-boeme.fr\/index.php?rest_route=%2Fwp%2Fv2%2Fmedia&parent=5664"}],"wp:term":[{"taxonomy":"category","embeddable":true,"href":"https:\/\/www.mouthiers-sur-boeme.fr\/index.php?rest_route=%2Fwp%2Fv2%2Fcategories&post=5664"},{"taxonomy":"post_tag","embeddable":true,"href":"https:\/\/www.mouthiers-sur-boeme.fr\/index.php?rest_route=%2Fwp%2Fv2%2Ftags&post=5664"}],"curies":[{"name":"wp","href":"https:\/\/api.w.org\/{rel}","templated":true}]}}