{"id":5706,"date":"2018-12-06T17:43:02","date_gmt":"2018-12-06T16:43:02","guid":{"rendered":"https:\/\/www.mouthiers-sur-boeme.fr\/?p=5706"},"modified":"2019-01-23T18:05:12","modified_gmt":"2019-01-23T17:05:12","slug":"repas-des-aines-2019","status":"publish","type":"post","link":"https:\/\/www.mouthiers-sur-boeme.fr\/?p=5706","title":{"rendered":"Repas des a\u00een\u00e9s 20 janvier 2019"},"content":{"rendered":"<p>Le repas offert aux a\u00een\u00e9s par la commune aura lieu le dimanche 20 janvier 2019 \u00e0 12h00 \u00e0 la salle Gilles Ploquin.<!--more--><br \/>\nIl est offert aux personnes \u00e2g\u00e9es de plus de 65 ans (et leurs conjoints<br \/>\nm\u00eame s&rsquo;ils n&rsquo;ont pas atteint l&rsquo;\u00e2ge requis).<br \/>\nSi vous avez connaissance d&rsquo;un oubli de notre part, merci de vous<br \/>\nfaire conna\u00eetre en mairie ou de nous le faire savoir.<br \/>\nEn cas de besoin, le transport des personnes peut \u00eatre effectu\u00e9 par<br \/>\nla collectivit\u00e9 ; il suffit pour cela de bien vouloir en faire la demande<br \/>\n\u00e0 la mairie.<br \/>\nLes personnes \u00e2g\u00e9es de 80 ans et plus ne pouvant se d\u00e9placer pour<br \/>\ncas de force majeure sont invit\u00e9es \u00e0 se faire conna\u00eetre en mairie ; il<br \/>\nleur sera remis, le week-end suivant le repas, \u00e0 leur domicile, une<br \/>\ncorbeille gourmande.<\/p>\n","protected":false},"excerpt":{"rendered":"<p>Le repas offert aux a\u00een\u00e9s par la commune aura lieu le dimanche 20 janvier 2019 \u00e0 12h00 \u00e0 la salle Gilles Ploquin.<\/p>\n","protected":false},"author":22,"featured_media":5790,"comment_status":"open","ping_status":"open","sticky":false,"template":"","format":"standard","meta":[],"categories":[11,12],"tags":[],"_links":{"self":[{"href":"https:\/\/www.mouthiers-sur-boeme.fr\/index.php?rest_route=\/wp\/v2\/posts\/5706"}],"collection":[{"href":"https:\/\/www.mouthiers-sur-boeme.fr\/index.php?rest_route=\/wp\/v2\/posts"}],"about":[{"href":"https:\/\/www.mouthiers-sur-boeme.fr\/index.php?rest_route=\/wp\/v2\/types\/post"}],"author":[{"embeddable":true,"href":"https:\/\/www.mouthiers-sur-boeme.fr\/index.php?rest_route=\/wp\/v2\/users\/22"}],"replies":[{"embeddable":true,"href":"https:\/\/www.mouthiers-sur-boeme.fr\/index.php?rest_route=%2Fwp%2Fv2%2Fcomments&post=5706"}],"version-history":[{"count":4,"href":"https:\/\/www.mouthiers-sur-boeme.fr\/index.php?rest_route=\/wp\/v2\/posts\/5706\/revisions"}],"predecessor-version":[{"id":5788,"href":"https:\/\/www.mouthiers-sur-boeme.fr\/index.php?rest_route=\/wp\/v2\/posts\/5706\/revisions\/5788"}],"wp:featuredmedia":[{"embeddable":true,"href":"https:\/\/www.mouthiers-sur-boeme.fr\/index.php?rest_route=\/wp\/v2\/media\/5790"}],"wp:attachment":[{"href":"https:\/\/www.mouthiers-sur-boeme.fr\/index.php?rest_route=%2Fwp%2Fv2%2Fmedia&parent=5706"}],"wp:term":[{"taxonomy":"category","embeddable":true,"href":"https:\/\/www.mouthiers-sur-boeme.fr\/index.php?rest_route=%2Fwp%2Fv2%2Fcategories&post=5706"},{"taxonomy":"post_tag","embeddable":true,"href":"https:\/\/www.mouthiers-sur-boeme.fr\/index.php?rest_route=%2Fwp%2Fv2%2Ftags&post=5706"}],"curies":[{"name":"wp","href":"https:\/\/api.w.org\/{rel}","templated":true}]}}