{"id":5708,"date":"2018-12-06T17:44:39","date_gmt":"2018-12-06T16:44:39","guid":{"rendered":"https:\/\/www.mouthiers-sur-boeme.fr\/?p=5708"},"modified":"2018-12-16T14:19:37","modified_gmt":"2018-12-16T13:19:37","slug":"conseil-municipal-des-jeunes-15-decembre-2018","status":"publish","type":"post","link":"https:\/\/www.mouthiers-sur-boeme.fr\/?p=5708","title":{"rendered":"ELECTION CONSEIL MUNICIPAL DES JEUNES 15 DECEMBRE 2018"},"content":{"rendered":"<p style=\"text-align: left;\"><a href=\"https:\/\/www.mouthiers-sur-boeme.fr\/wp-content\/uploads\/2014\/10\/chevaux2-rduite.jpg\"><img loading=\"lazy\" class=\"aligncenter size-medium wp-image-2089\" src=\"https:\/\/www.mouthiers-sur-boeme.fr\/wp-content\/uploads\/2014\/10\/chevaux2-rduite-216x300.jpg\" alt=\"\" width=\"216\" height=\"300\" srcset=\"https:\/\/www.mouthiers-sur-boeme.fr\/wp-content\/uploads\/2014\/10\/chevaux2-rduite-216x300.jpg 216w, https:\/\/www.mouthiers-sur-boeme.fr\/wp-content\/uploads\/2014\/10\/chevaux2-rduite.jpg 606w\" sizes=\"(max-width: 216px) 100vw, 216px\" \/><\/a>Faire partager son point de vue et comprendre celui des autres pour prendre des d\u00e9cisions, puis monter des projets, les voir prendre forme en les adaptant aux contraintes locales&#8230;<\/p>\n<p style=\"text-align: left;\">C\u2019est ce que tout \u00e9lu vit durant son mandat \u00e9lectif et qui rend cette exp\u00e9rience si prenante et int\u00e9ressante.<br \/>\nCet exercice de la d\u00e9mocratie, le conseil municipal de Mouthiers sur Bo\u00ebme souhaite le donner \u00e0 vivre aux jeunes de notre commune pour une troisi\u00e8me fois.<br \/>\nPour donner corps \u00e0 cette volont\u00e9, une instance authentique et concr\u00e8te a \u00e9t\u00e9 cr\u00e9\u00e9e : le Conseil Municipal des Jeunes qui est ouvert aux enfants du CE2 \u00e0 la 5\u00e8me.<br \/>\nLes jeunes qui d\u00e9sirent prendre part au vote devront s\u2019inscrire sur les listes \u00e9lectorales. Ils recevront alors une v\u00e9ritable carte communale d\u2019\u00e9lecteur. Ceux qui souhaitent briguer un mandat, devront d\u00e9clarer leur<br \/>\ncandidature et faire une affiche de campagne.<\/p>\n<p style=\"text-align: center;\"><em><strong>Tous nos jeunes \u00e9lecteurs inscrits sont appel\u00e9s aux urnes pour \u00e9lire<\/strong><\/em><br \/>\n<em><strong>leurs repr\u00e9sentants le samedi 15 d\u00e9cembre de 9h \u00e0 12h \u00e0 la mairie<\/strong><\/em><br \/>\n<em><strong>Rendez sur les panneaux \u00e9l\u00e9ctoraux pour d\u00e9couvrir les affiches et les programmes des candidats.<\/strong><\/em><\/p>\n","protected":false},"excerpt":{"rendered":"<p>Faire partager son point de vue et comprendre celui des autres pour prendre des d\u00e9cisions, puis monter des projets, les voir prendre forme en les adaptant aux contraintes locales&#8230; C\u2019est ce que tout \u00e9lu vit durant son mandat \u00e9lectif et qui rend cette exp\u00e9rience si prenante et int\u00e9ressante. Cet exercice de la d\u00e9mocratie, le conseil &hellip; <a href=\"https:\/\/www.mouthiers-sur-boeme.fr\/?p=5708\" class=\"more-link\">Continuer la lecture de <span class=\"screen-reader-text\">ELECTION CONSEIL MUNICIPAL DES JEUNES 15 DECEMBRE 2018<\/span>  <span class=\"meta-nav\">&rarr;<\/span><\/a><\/p>\n","protected":false},"author":22,"featured_media":2089,"comment_status":"open","ping_status":"open","sticky":false,"template":"","format":"standard","meta":[],"categories":[68],"tags":[],"_links":{"self":[{"href":"https:\/\/www.mouthiers-sur-boeme.fr\/index.php?rest_route=\/wp\/v2\/posts\/5708"}],"collection":[{"href":"https:\/\/www.mouthiers-sur-boeme.fr\/index.php?rest_route=\/wp\/v2\/posts"}],"about":[{"href":"https:\/\/www.mouthiers-sur-boeme.fr\/index.php?rest_route=\/wp\/v2\/types\/post"}],"author":[{"embeddable":true,"href":"https:\/\/www.mouthiers-sur-boeme.fr\/index.php?rest_route=\/wp\/v2\/users\/22"}],"replies":[{"embeddable":true,"href":"https:\/\/www.mouthiers-sur-boeme.fr\/index.php?rest_route=%2Fwp%2Fv2%2Fcomments&post=5708"}],"version-history":[{"count":5,"href":"https:\/\/www.mouthiers-sur-boeme.fr\/index.php?rest_route=\/wp\/v2\/posts\/5708\/revisions"}],"predecessor-version":[{"id":5750,"href":"https:\/\/www.mouthiers-sur-boeme.fr\/index.php?rest_route=\/wp\/v2\/posts\/5708\/revisions\/5750"}],"wp:featuredmedia":[{"embeddable":true,"href":"https:\/\/www.mouthiers-sur-boeme.fr\/index.php?rest_route=\/wp\/v2\/media\/2089"}],"wp:attachment":[{"href":"https:\/\/www.mouthiers-sur-boeme.fr\/index.php?rest_route=%2Fwp%2Fv2%2Fmedia&parent=5708"}],"wp:term":[{"taxonomy":"category","embeddable":true,"href":"https:\/\/www.mouthiers-sur-boeme.fr\/index.php?rest_route=%2Fwp%2Fv2%2Fcategories&post=5708"},{"taxonomy":"post_tag","embeddable":true,"href":"https:\/\/www.mouthiers-sur-boeme.fr\/index.php?rest_route=%2Fwp%2Fv2%2Ftags&post=5708"}],"curies":[{"name":"wp","href":"https:\/\/api.w.org\/{rel}","templated":true}]}}