{"id":5712,"date":"2018-12-06T17:35:54","date_gmt":"2018-12-06T16:35:54","guid":{"rendered":"https:\/\/www.mouthiers-sur-boeme.fr\/?p=5712"},"modified":"2019-01-06T10:40:17","modified_gmt":"2019-01-06T09:40:17","slug":"decembre-a-la-mediatheque","status":"publish","type":"post","link":"https:\/\/www.mouthiers-sur-boeme.fr\/?p=5712","title":{"rendered":"D\u00e9cembre \u00e0 la m\u00e9diath\u00e8que"},"content":{"rendered":"<p>Rendez-vous mercredi 12 d\u00e9cembre \u00e0 partir de 15 heures pour l&rsquo;atelier d\u00e9coration de sapin de N\u00f6el.<\/p>\n<p><a href=\"https:\/\/www.mouthiers-sur-boeme.fr\/wp-content\/uploads\/2018\/12\/0001iti.jpg\"><img loading=\"lazy\" class=\"aligncenter size-medium wp-image-5725\" src=\"https:\/\/www.mouthiers-sur-boeme.fr\/wp-content\/uploads\/2018\/12\/0001iti-212x300.jpg\" alt=\"\" width=\"212\" height=\"300\" srcset=\"https:\/\/www.mouthiers-sur-boeme.fr\/wp-content\/uploads\/2018\/12\/0001iti-212x300.jpg 212w, https:\/\/www.mouthiers-sur-boeme.fr\/wp-content\/uploads\/2018\/12\/0001iti-768x1087.jpg 768w, https:\/\/www.mouthiers-sur-boeme.fr\/wp-content\/uploads\/2018\/12\/0001iti-724x1024.jpg 724w\" sizes=\"(max-width: 212px) 100vw, 212px\" \/><\/a><\/p>\n<p>Rendez-vous vendredi 21 d\u00e9cembre \u00e0 19 heures. Venez afflublez de votre plus beau pull de No\u00ebl. Vous allez faire des ravages&#8230;<\/p>\n<p><a href=\"https:\/\/www.mouthiers-sur-boeme.fr\/wp-content\/uploads\/2018\/12\/Affiche-Soir\u00e9e-de-No\u00ebl.jpg\"><img loading=\"lazy\" class=\"aligncenter size-medium wp-image-5736\" src=\"https:\/\/www.mouthiers-sur-boeme.fr\/wp-content\/uploads\/2018\/12\/Affiche-Soir\u00e9e-de-No\u00ebl-212x300.jpg\" alt=\"\" width=\"212\" height=\"300\" srcset=\"https:\/\/www.mouthiers-sur-boeme.fr\/wp-content\/uploads\/2018\/12\/Affiche-Soir\u00e9e-de-No\u00ebl-212x300.jpg 212w, https:\/\/www.mouthiers-sur-boeme.fr\/wp-content\/uploads\/2018\/12\/Affiche-Soir\u00e9e-de-No\u00ebl-768x1087.jpg 768w, https:\/\/www.mouthiers-sur-boeme.fr\/wp-content\/uploads\/2018\/12\/Affiche-Soir\u00e9e-de-No\u00ebl-724x1024.jpg 724w\" sizes=\"(max-width: 212px) 100vw, 212px\" \/><\/a><\/p>\n","protected":false},"excerpt":{"rendered":"<p>Rendez-vous mercredi 12 d\u00e9cembre \u00e0 partir de 15 heures pour l&rsquo;atelier d\u00e9coration de sapin de N\u00f6el. Rendez-vous vendredi 21 d\u00e9cembre \u00e0 19 heures. Venez afflublez de votre plus beau pull de No\u00ebl. Vous allez faire des ravages&#8230;<\/p>\n","protected":false},"author":22,"featured_media":5725,"comment_status":"open","ping_status":"open","sticky":false,"template":"","format":"standard","meta":[],"categories":[20],"tags":[],"_links":{"self":[{"href":"https:\/\/www.mouthiers-sur-boeme.fr\/index.php?rest_route=\/wp\/v2\/posts\/5712"}],"collection":[{"href":"https:\/\/www.mouthiers-sur-boeme.fr\/index.php?rest_route=\/wp\/v2\/posts"}],"about":[{"href":"https:\/\/www.mouthiers-sur-boeme.fr\/index.php?rest_route=\/wp\/v2\/types\/post"}],"author":[{"embeddable":true,"href":"https:\/\/www.mouthiers-sur-boeme.fr\/index.php?rest_route=\/wp\/v2\/users\/22"}],"replies":[{"embeddable":true,"href":"https:\/\/www.mouthiers-sur-boeme.fr\/index.php?rest_route=%2Fwp%2Fv2%2Fcomments&post=5712"}],"version-history":[{"count":3,"href":"https:\/\/www.mouthiers-sur-boeme.fr\/index.php?rest_route=\/wp\/v2\/posts\/5712\/revisions"}],"predecessor-version":[{"id":5738,"href":"https:\/\/www.mouthiers-sur-boeme.fr\/index.php?rest_route=\/wp\/v2\/posts\/5712\/revisions\/5738"}],"wp:featuredmedia":[{"embeddable":true,"href":"https:\/\/www.mouthiers-sur-boeme.fr\/index.php?rest_route=\/wp\/v2\/media\/5725"}],"wp:attachment":[{"href":"https:\/\/www.mouthiers-sur-boeme.fr\/index.php?rest_route=%2Fwp%2Fv2%2Fmedia&parent=5712"}],"wp:term":[{"taxonomy":"category","embeddable":true,"href":"https:\/\/www.mouthiers-sur-boeme.fr\/index.php?rest_route=%2Fwp%2Fv2%2Fcategories&post=5712"},{"taxonomy":"post_tag","embeddable":true,"href":"https:\/\/www.mouthiers-sur-boeme.fr\/index.php?rest_route=%2Fwp%2Fv2%2Ftags&post=5712"}],"curies":[{"name":"wp","href":"https:\/\/api.w.org\/{rel}","templated":true}]}}