{"id":5714,"date":"2018-12-06T17:33:38","date_gmt":"2018-12-06T16:33:38","guid":{"rendered":"https:\/\/www.mouthiers-sur-boeme.fr\/?p=5714"},"modified":"2018-12-11T11:56:41","modified_gmt":"2018-12-11T10:56:41","slug":"15-decembre-marche-de-noel-solidaire","status":"publish","type":"post","link":"https:\/\/www.mouthiers-sur-boeme.fr\/?p=5714","title":{"rendered":"15 d\u00e9cembre &#8211; March\u00e9 de No\u00ebl solidaire"},"content":{"rendered":"<p>Sur le parvis de la m\u00e9diath\u00e8que de 10h \u00e0 17 h : d\u00e9coration de No\u00ebl, id\u00e9es de cadeaux, boissons chaudes, cr\u00eapes et p\u00e2tisseries.<\/p>\n<p><a href=\"https:\/\/www.mouthiers-sur-boeme.fr\/wp-content\/uploads\/2018\/12\/A5_March\u00e9_NOEL2018_Mouthiers_v3.jpg\"><img loading=\"lazy\" class=\"aligncenter size-medium wp-image-5734\" src=\"https:\/\/www.mouthiers-sur-boeme.fr\/wp-content\/uploads\/2018\/12\/A5_March\u00e9_NOEL2018_Mouthiers_v3-211x300.jpg\" alt=\"\" width=\"211\" height=\"300\" srcset=\"https:\/\/www.mouthiers-sur-boeme.fr\/wp-content\/uploads\/2018\/12\/A5_March\u00e9_NOEL2018_Mouthiers_v3-211x300.jpg 211w, https:\/\/www.mouthiers-sur-boeme.fr\/wp-content\/uploads\/2018\/12\/A5_March\u00e9_NOEL2018_Mouthiers_v3-768x1089.jpg 768w, https:\/\/www.mouthiers-sur-boeme.fr\/wp-content\/uploads\/2018\/12\/A5_March\u00e9_NOEL2018_Mouthiers_v3-722x1024.jpg 722w, https:\/\/www.mouthiers-sur-boeme.fr\/wp-content\/uploads\/2018\/12\/A5_March\u00e9_NOEL2018_Mouthiers_v3.jpg 1166w\" sizes=\"(max-width: 211px) 100vw, 211px\" \/><\/a><\/p>\n<p>A 14h30 concert du choeur Alkyone de Bayonne. Bien entendu le P\u00e8re No\u00ebl sera l\u00e0 pour une s\u00e9ance photo de 10h30 \u00e0 12h (si vous n&rsquo;avez pas envoy\u00e9 votre lettre&#8230;.)<\/p>\n<p>Manifestation organis\u00e9e par le Secours Populaire de Mouthiers sur Bo\u00ebme.<\/p>\n<p>A cette occasion, l&rsquo;Association des Parents d&rsquo;\u00e9l\u00e8ves participera au march\u00e9 de no\u00ebl et pr\u00e9sentera une exposition des travaux r\u00e9alis\u00e9s par les TAP.<\/p>\n<p>Renseignements :<br \/>\n06 80 96 40 46<\/p>\n<p>Venez nombreux.<\/p>\n<p>&nbsp;<\/p>\n","protected":false},"excerpt":{"rendered":"<p>Sur le parvis de la m\u00e9diath\u00e8que de 10h \u00e0 17 h : d\u00e9coration de No\u00ebl, id\u00e9es de cadeaux, boissons chaudes, cr\u00eapes et p\u00e2tisseries. A 14h30 concert du choeur Alkyone de Bayonne. Bien entendu le P\u00e8re No\u00ebl sera l\u00e0 pour une s\u00e9ance photo de 10h30 \u00e0 12h (si vous n&rsquo;avez pas envoy\u00e9 votre lettre&#8230;.) Manifestation organis\u00e9e &hellip; <a href=\"https:\/\/www.mouthiers-sur-boeme.fr\/?p=5714\" class=\"more-link\">Continuer la lecture de <span class=\"screen-reader-text\">15 d\u00e9cembre &#8211; March\u00e9 de No\u00ebl solidaire<\/span>  <span class=\"meta-nav\">&rarr;<\/span><\/a><\/p>\n","protected":false},"author":22,"featured_media":5701,"comment_status":"open","ping_status":"open","sticky":false,"template":"","format":"standard","meta":[],"categories":[12],"tags":[],"_links":{"self":[{"href":"https:\/\/www.mouthiers-sur-boeme.fr\/index.php?rest_route=\/wp\/v2\/posts\/5714"}],"collection":[{"href":"https:\/\/www.mouthiers-sur-boeme.fr\/index.php?rest_route=\/wp\/v2\/posts"}],"about":[{"href":"https:\/\/www.mouthiers-sur-boeme.fr\/index.php?rest_route=\/wp\/v2\/types\/post"}],"author":[{"embeddable":true,"href":"https:\/\/www.mouthiers-sur-boeme.fr\/index.php?rest_route=\/wp\/v2\/users\/22"}],"replies":[{"embeddable":true,"href":"https:\/\/www.mouthiers-sur-boeme.fr\/index.php?rest_route=%2Fwp%2Fv2%2Fcomments&post=5714"}],"version-history":[{"count":4,"href":"https:\/\/www.mouthiers-sur-boeme.fr\/index.php?rest_route=\/wp\/v2\/posts\/5714\/revisions"}],"predecessor-version":[{"id":5753,"href":"https:\/\/www.mouthiers-sur-boeme.fr\/index.php?rest_route=\/wp\/v2\/posts\/5714\/revisions\/5753"}],"wp:featuredmedia":[{"embeddable":true,"href":"https:\/\/www.mouthiers-sur-boeme.fr\/index.php?rest_route=\/wp\/v2\/media\/5701"}],"wp:attachment":[{"href":"https:\/\/www.mouthiers-sur-boeme.fr\/index.php?rest_route=%2Fwp%2Fv2%2Fmedia&parent=5714"}],"wp:term":[{"taxonomy":"category","embeddable":true,"href":"https:\/\/www.mouthiers-sur-boeme.fr\/index.php?rest_route=%2Fwp%2Fv2%2Fcategories&post=5714"},{"taxonomy":"post_tag","embeddable":true,"href":"https:\/\/www.mouthiers-sur-boeme.fr\/index.php?rest_route=%2Fwp%2Fv2%2Ftags&post=5714"}],"curies":[{"name":"wp","href":"https:\/\/api.w.org\/{rel}","templated":true}]}}