{"id":5716,"date":"2018-12-06T17:41:50","date_gmt":"2018-12-06T16:41:50","guid":{"rendered":"https:\/\/www.mouthiers-sur-boeme.fr\/?p=5716"},"modified":"2019-01-06T10:39:06","modified_gmt":"2019-01-06T09:39:06","slug":"reveillon-solidaire","status":"publish","type":"post","link":"https:\/\/www.mouthiers-sur-boeme.fr\/?p=5716","title":{"rendered":"R\u00e9veillon solidaire &#8211; Effervescentre"},"content":{"rendered":"<p><a href=\"https:\/\/www.mouthiers-sur-boeme.fr\/wp-content\/uploads\/2018\/12\/Affiche_A3_Reveillon18_v5.jpg\"><img loading=\"lazy\" class=\"aligncenter size-medium wp-image-5743\" src=\"https:\/\/www.mouthiers-sur-boeme.fr\/wp-content\/uploads\/2018\/12\/Affiche_A3_Reveillon18_v5-212x300.jpg\" alt=\"\" width=\"212\" height=\"300\" srcset=\"https:\/\/www.mouthiers-sur-boeme.fr\/wp-content\/uploads\/2018\/12\/Affiche_A3_Reveillon18_v5-212x300.jpg 212w, https:\/\/www.mouthiers-sur-boeme.fr\/wp-content\/uploads\/2018\/12\/Affiche_A3_Reveillon18_v5-768x1086.jpg 768w, https:\/\/www.mouthiers-sur-boeme.fr\/wp-content\/uploads\/2018\/12\/Affiche_A3_Reveillon18_v5-724x1024.jpg 724w\" sizes=\"(max-width: 212px) 100vw, 212px\" \/><\/a>R\u00e9veillon solidaire organis\u00e9 par le Centre Social Effervescentre, ses b\u00e9n\u00e9voles et ses partenaires.<\/p>\n<p>Rendez-vous \u00e0 partir de 20h30 salle des Glamots de Roullet.<\/p>\n<p>Soir\u00e9e gratuite et sans alco0l.<\/p>\n<p>Inscriptions du 3 au 21 d\u00e9cembre\u00a0 05 45 67 84 38 et apr\u00e8s le 21 d\u00e9cembre au 06 86 28 15 44<\/p>\n","protected":false},"excerpt":{"rendered":"<p>R\u00e9veillon solidaire organis\u00e9 par le Centre Social Effervescentre, ses b\u00e9n\u00e9voles et ses partenaires. Rendez-vous \u00e0 partir de 20h30 salle des Glamots de Roullet. Soir\u00e9e gratuite et sans alco0l. Inscriptions du 3 au 21 d\u00e9cembre\u00a0 05 45 67 84 38 et apr\u00e8s le 21 d\u00e9cembre au 06 86 28 15 44<\/p>\n","protected":false},"author":22,"featured_media":5743,"comment_status":"open","ping_status":"open","sticky":false,"template":"","format":"standard","meta":[],"categories":[14],"tags":[],"_links":{"self":[{"href":"https:\/\/www.mouthiers-sur-boeme.fr\/index.php?rest_route=\/wp\/v2\/posts\/5716"}],"collection":[{"href":"https:\/\/www.mouthiers-sur-boeme.fr\/index.php?rest_route=\/wp\/v2\/posts"}],"about":[{"href":"https:\/\/www.mouthiers-sur-boeme.fr\/index.php?rest_route=\/wp\/v2\/types\/post"}],"author":[{"embeddable":true,"href":"https:\/\/www.mouthiers-sur-boeme.fr\/index.php?rest_route=\/wp\/v2\/users\/22"}],"replies":[{"embeddable":true,"href":"https:\/\/www.mouthiers-sur-boeme.fr\/index.php?rest_route=%2Fwp%2Fv2%2Fcomments&post=5716"}],"version-history":[{"count":4,"href":"https:\/\/www.mouthiers-sur-boeme.fr\/index.php?rest_route=\/wp\/v2\/posts\/5716\/revisions"}],"predecessor-version":[{"id":5751,"href":"https:\/\/www.mouthiers-sur-boeme.fr\/index.php?rest_route=\/wp\/v2\/posts\/5716\/revisions\/5751"}],"wp:featuredmedia":[{"embeddable":true,"href":"https:\/\/www.mouthiers-sur-boeme.fr\/index.php?rest_route=\/wp\/v2\/media\/5743"}],"wp:attachment":[{"href":"https:\/\/www.mouthiers-sur-boeme.fr\/index.php?rest_route=%2Fwp%2Fv2%2Fmedia&parent=5716"}],"wp:term":[{"taxonomy":"category","embeddable":true,"href":"https:\/\/www.mouthiers-sur-boeme.fr\/index.php?rest_route=%2Fwp%2Fv2%2Fcategories&post=5716"},{"taxonomy":"post_tag","embeddable":true,"href":"https:\/\/www.mouthiers-sur-boeme.fr\/index.php?rest_route=%2Fwp%2Fv2%2Ftags&post=5716"}],"curies":[{"name":"wp","href":"https:\/\/api.w.org\/{rel}","templated":true}]}}