{"id":5719,"date":"2018-12-06T17:36:54","date_gmt":"2018-12-06T16:36:54","guid":{"rendered":"https:\/\/www.mouthiers-sur-boeme.fr\/?p=5719"},"modified":"2019-01-06T10:25:30","modified_gmt":"2019-01-06T09:25:30","slug":"cinema-2-seances-jeudi-20-decembre-mjc-jules-berry","status":"publish","type":"post","link":"https:\/\/www.mouthiers-sur-boeme.fr\/?p=5719","title":{"rendered":"Cin\u00e9ma : 2 s\u00e9ances jeudi 20 d\u00e9cembre &#8211; MJC Jules Berry"},"content":{"rendered":"<p><strong>Jeudi 20 d\u00e9cembre &#8211; 18 H<\/strong><br \/>\n<strong>DILILI \u00e0 PARIS<\/strong><br \/>\n<strong>R\u00e9alisation : Michel Ocelot<\/strong><br \/>\n<strong>Sc\u00e9nario : Michel Ocelot<\/strong><br \/>\n<strong>Musique : Gabriel Yared<\/strong><br \/>\n<strong>Dur\u00e9e 1h 35<\/strong><\/p>\n<p>Un film d\u2019animation franco-belgo-allemand de Michel Ocelot sorti cette ann\u00e9e.<br \/>\nL\u2019action se passe dans le Paris de la Belle \u00c9poque et raconte les aventures de Dilili, une petite fille franco-kanake. Dilili enqu\u00eate aux c\u00f4t\u00e9s du chauffeur<br \/>\nde triporteur Orel pour retrouver des fillettes ayant myst\u00e9rieusement disparu, enlev\u00e9es par un r\u00e9seau de bandits appel\u00e9 les M\u00e2les-Ma\u00eetres.<br \/>\nTarif Normal : 4,00 \u20ac &#8211; Tarif R\u00e9duit : 3,00 \u20ac<\/p>\n<p><a href=\"https:\/\/www.mouthiers-sur-boeme.fr\/wp-content\/uploads\/2018\/12\/20.12.2018-18H00-DILILI-A-PARIS.jpg\"><img loading=\"lazy\" class=\"aligncenter size-medium wp-image-5739\" src=\"https:\/\/www.mouthiers-sur-boeme.fr\/wp-content\/uploads\/2018\/12\/20.12.2018-18H00-DILILI-A-PARIS-225x300.jpg\" alt=\"\" width=\"225\" height=\"300\" \/><\/a><\/p>\n<p><strong>Jeudi 20 d\u00e9cembre<\/strong><br \/>\n<strong>20h30<\/strong><br \/>\n<strong>LE GRAND BAIN<\/strong><br \/>\n<strong>De Gilles LELLOUCHE<\/strong><br \/>\n<strong>Avec Matthieu AMALRIC, Benoit POELVORDE, Guillaume<\/strong><br \/>\n<strong>CANET, Virginie EFFIRA, Leila BEKHTI, Philippe KATERINE,<\/strong><br \/>\n<strong>Marina FOIS, F\u00e9lix MOATTI, Jean Luc ANGLADE, Alban<\/strong><br \/>\n<strong>IVANOV<\/strong><br \/>\n<strong>Nationalit\u00e9 fran\u00e7ais<\/strong><br \/>\n<strong>Dur\u00e9e 1h 58<\/strong><br \/>\nHuit quadrag\u00e9naires \u00ab caboss\u00e9s \u00bb par la vie (d\u00e9pression, \u00e9chec professionnel&#8230;) vont reprendre go\u00fbt \u00e0 la vie en s\u2019investissant dans leur \u00e9quipe de natation synchronis\u00e9e.<br \/>\nEn pr\u00e9vision des championnats du monde organis\u00e9s en Norv\u00e8ge, ils sont pris en charge par deux coaches ex-championnes, Delphine, qui est alcoolique, et Amanda, une sportive parapl\u00e9gique.<\/p>\n<p><a href=\"https:\/\/www.mouthiers-sur-boeme.fr\/wp-content\/uploads\/2018\/12\/20.12.2018-20H30-LE-GRAND-BAIN.jpg\"><img loading=\"lazy\" class=\"aligncenter size-medium wp-image-5740\" src=\"https:\/\/www.mouthiers-sur-boeme.fr\/wp-content\/uploads\/2018\/12\/20.12.2018-20H30-LE-GRAND-BAIN-220x300.jpg\" alt=\"\" width=\"220\" height=\"300\" \/><\/a><\/p>\n<p>Tarif Normal : 4,00 \u20ac &#8211; Tarif R\u00e9duit : 3,00 \u20ac<\/p>\n","protected":false},"excerpt":{"rendered":"<p>Jeudi 20 d\u00e9cembre &#8211; 18 H DILILI \u00e0 PARIS R\u00e9alisation : Michel Ocelot Sc\u00e9nario : Michel Ocelot Musique : Gabriel Yared Dur\u00e9e 1h 35 Un film d\u2019animation franco-belgo-allemand de Michel Ocelot sorti cette ann\u00e9e. L\u2019action se passe dans le Paris de la Belle \u00c9poque et raconte les aventures de Dilili, une petite fille franco-kanake. Dilili &hellip; <a href=\"https:\/\/www.mouthiers-sur-boeme.fr\/?p=5719\" class=\"more-link\">Continuer la lecture de <span class=\"screen-reader-text\">Cin\u00e9ma : 2 s\u00e9ances jeudi 20 d\u00e9cembre &#8211; MJC Jules Berry<\/span>  <span class=\"meta-nav\">&rarr;<\/span><\/a><\/p>\n","protected":false},"author":22,"featured_media":0,"comment_status":"open","ping_status":"open","sticky":false,"template":"","format":"standard","meta":[],"categories":[65],"tags":[],"_links":{"self":[{"href":"https:\/\/www.mouthiers-sur-boeme.fr\/index.php?rest_route=\/wp\/v2\/posts\/5719"}],"collection":[{"href":"https:\/\/www.mouthiers-sur-boeme.fr\/index.php?rest_route=\/wp\/v2\/posts"}],"about":[{"href":"https:\/\/www.mouthiers-sur-boeme.fr\/index.php?rest_route=\/wp\/v2\/types\/post"}],"author":[{"embeddable":true,"href":"https:\/\/www.mouthiers-sur-boeme.fr\/index.php?rest_route=\/wp\/v2\/users\/22"}],"replies":[{"embeddable":true,"href":"https:\/\/www.mouthiers-sur-boeme.fr\/index.php?rest_route=%2Fwp%2Fv2%2Fcomments&post=5719"}],"version-history":[{"count":2,"href":"https:\/\/www.mouthiers-sur-boeme.fr\/index.php?rest_route=\/wp\/v2\/posts\/5719\/revisions"}],"predecessor-version":[{"id":5741,"href":"https:\/\/www.mouthiers-sur-boeme.fr\/index.php?rest_route=\/wp\/v2\/posts\/5719\/revisions\/5741"}],"wp:attachment":[{"href":"https:\/\/www.mouthiers-sur-boeme.fr\/index.php?rest_route=%2Fwp%2Fv2%2Fmedia&parent=5719"}],"wp:term":[{"taxonomy":"category","embeddable":true,"href":"https:\/\/www.mouthiers-sur-boeme.fr\/index.php?rest_route=%2Fwp%2Fv2%2Fcategories&post=5719"},{"taxonomy":"post_tag","embeddable":true,"href":"https:\/\/www.mouthiers-sur-boeme.fr\/index.php?rest_route=%2Fwp%2Fv2%2Ftags&post=5719"}],"curies":[{"name":"wp","href":"https:\/\/api.w.org\/{rel}","templated":true}]}}