{"id":5792,"date":"2019-01-16T20:17:52","date_gmt":"2019-01-16T19:17:52","guid":{"rendered":"https:\/\/www.mouthiers-sur-boeme.fr\/?p=5792"},"modified":"2019-03-08T12:11:17","modified_gmt":"2019-03-08T11:11:17","slug":"cycle-de-conferences-education-et-culture","status":"publish","type":"post","link":"https:\/\/www.mouthiers-sur-boeme.fr\/?p=5792","title":{"rendered":"Cycle de conf\u00e9rences Education et culture"},"content":{"rendered":"<p>Organisation \u00ab\u00a0Parcours d&rsquo; \u00c9ducation Artistique &amp; Culturelle Grand Angoul\u00eame\u00a0\u00bb, programme de janvier \u00e0 avril 2019 \u00e0 raison d&rsquo;une \u00e0 deux conf\u00e9rences par mois, dans des lieux culturels diff\u00e9rents (L&rsquo;Alpha, La Nef, Salle du bourg de Champniers, Salle N\u00e9mo, Mus\u00e9e d&rsquo;Angoul\u00eame).<\/p>\n<p>Retrouvez le programme ci-dessous.<\/p>\n<p><a href=\"http:\/\/www.grandangouleme.fr\/sortir-et-decouvrir\/culture\/peac\/\" target=\"_blank\" rel=\"noopener\">PEAC Grand ANGOUL\u00caME<\/a><!--more--><\/p>\n<p><a href=\"https:\/\/www.mouthiers-sur-boeme.fr\/wp-content\/uploads\/2019\/01\/MME-RELET-Flyer-PEAC-2018-2019-1-LES-2-PAGES_Page_1.jpg\"><img loading=\"lazy\" class=\"aligncenter size-medium wp-image-5850\" src=\"https:\/\/www.mouthiers-sur-boeme.fr\/wp-content\/uploads\/2019\/01\/MME-RELET-Flyer-PEAC-2018-2019-1-LES-2-PAGES_Page_1-211x300.jpg\" alt=\"\" width=\"211\" height=\"300\" srcset=\"https:\/\/www.mouthiers-sur-boeme.fr\/wp-content\/uploads\/2019\/01\/MME-RELET-Flyer-PEAC-2018-2019-1-LES-2-PAGES_Page_1-211x300.jpg 211w, https:\/\/www.mouthiers-sur-boeme.fr\/wp-content\/uploads\/2019\/01\/MME-RELET-Flyer-PEAC-2018-2019-1-LES-2-PAGES_Page_1-768x1089.jpg 768w, https:\/\/www.mouthiers-sur-boeme.fr\/wp-content\/uploads\/2019\/01\/MME-RELET-Flyer-PEAC-2018-2019-1-LES-2-PAGES_Page_1-722x1024.jpg 722w, https:\/\/www.mouthiers-sur-boeme.fr\/wp-content\/uploads\/2019\/01\/MME-RELET-Flyer-PEAC-2018-2019-1-LES-2-PAGES_Page_1.jpg 1950w\" sizes=\"(max-width: 211px) 100vw, 211px\" \/><\/a> <a href=\"https:\/\/www.mouthiers-sur-boeme.fr\/wp-content\/uploads\/2019\/01\/MME-RELET-Flyer-PEAC-2018-2019-1-LES-2-PAGES_Page_2.jpg\"><img loading=\"lazy\" class=\"aligncenter size-medium wp-image-5851\" src=\"https:\/\/www.mouthiers-sur-boeme.fr\/wp-content\/uploads\/2019\/01\/MME-RELET-Flyer-PEAC-2018-2019-1-LES-2-PAGES_Page_2-211x300.jpg\" alt=\"\" width=\"211\" height=\"300\" srcset=\"https:\/\/www.mouthiers-sur-boeme.fr\/wp-content\/uploads\/2019\/01\/MME-RELET-Flyer-PEAC-2018-2019-1-LES-2-PAGES_Page_2-211x300.jpg 211w, https:\/\/www.mouthiers-sur-boeme.fr\/wp-content\/uploads\/2019\/01\/MME-RELET-Flyer-PEAC-2018-2019-1-LES-2-PAGES_Page_2-768x1090.jpg 768w, https:\/\/www.mouthiers-sur-boeme.fr\/wp-content\/uploads\/2019\/01\/MME-RELET-Flyer-PEAC-2018-2019-1-LES-2-PAGES_Page_2-721x1024.jpg 721w, https:\/\/www.mouthiers-sur-boeme.fr\/wp-content\/uploads\/2019\/01\/MME-RELET-Flyer-PEAC-2018-2019-1-LES-2-PAGES_Page_2.jpg 1750w\" sizes=\"(max-width: 211px) 100vw, 211px\" \/><\/a><\/p>\n","protected":false},"excerpt":{"rendered":"<p>Organisation \u00ab\u00a0Parcours d&rsquo; \u00c9ducation Artistique &amp; Culturelle Grand Angoul\u00eame\u00a0\u00bb, programme de janvier \u00e0 avril 2019 \u00e0 raison d&rsquo;une \u00e0 deux conf\u00e9rences par mois, dans des lieux culturels diff\u00e9rents (L&rsquo;Alpha, La Nef, Salle du bourg de Champniers, Salle N\u00e9mo, Mus\u00e9e d&rsquo;Angoul\u00eame). Retrouvez le programme ci-dessous. PEAC Grand ANGOUL\u00caME<\/p>\n","protected":false},"author":22,"featured_media":5850,"comment_status":"open","ping_status":"open","sticky":false,"template":"","format":"standard","meta":[],"categories":[20],"tags":[],"_links":{"self":[{"href":"https:\/\/www.mouthiers-sur-boeme.fr\/index.php?rest_route=\/wp\/v2\/posts\/5792"}],"collection":[{"href":"https:\/\/www.mouthiers-sur-boeme.fr\/index.php?rest_route=\/wp\/v2\/posts"}],"about":[{"href":"https:\/\/www.mouthiers-sur-boeme.fr\/index.php?rest_route=\/wp\/v2\/types\/post"}],"author":[{"embeddable":true,"href":"https:\/\/www.mouthiers-sur-boeme.fr\/index.php?rest_route=\/wp\/v2\/users\/22"}],"replies":[{"embeddable":true,"href":"https:\/\/www.mouthiers-sur-boeme.fr\/index.php?rest_route=%2Fwp%2Fv2%2Fcomments&post=5792"}],"version-history":[{"count":5,"href":"https:\/\/www.mouthiers-sur-boeme.fr\/index.php?rest_route=\/wp\/v2\/posts\/5792\/revisions"}],"predecessor-version":[{"id":5856,"href":"https:\/\/www.mouthiers-sur-boeme.fr\/index.php?rest_route=\/wp\/v2\/posts\/5792\/revisions\/5856"}],"wp:featuredmedia":[{"embeddable":true,"href":"https:\/\/www.mouthiers-sur-boeme.fr\/index.php?rest_route=\/wp\/v2\/media\/5850"}],"wp:attachment":[{"href":"https:\/\/www.mouthiers-sur-boeme.fr\/index.php?rest_route=%2Fwp%2Fv2%2Fmedia&parent=5792"}],"wp:term":[{"taxonomy":"category","embeddable":true,"href":"https:\/\/www.mouthiers-sur-boeme.fr\/index.php?rest_route=%2Fwp%2Fv2%2Fcategories&post=5792"},{"taxonomy":"post_tag","embeddable":true,"href":"https:\/\/www.mouthiers-sur-boeme.fr\/index.php?rest_route=%2Fwp%2Fv2%2Ftags&post=5792"}],"curies":[{"name":"wp","href":"https:\/\/api.w.org\/{rel}","templated":true}]}}