{"id":5794,"date":"2019-01-16T20:08:50","date_gmt":"2019-01-16T19:08:50","guid":{"rendered":"https:\/\/www.mouthiers-sur-boeme.fr\/?p=5794"},"modified":"2019-03-22T18:46:47","modified_gmt":"2019-03-22T17:46:47","slug":"janvier-la-mediatheque-exposition","status":"publish","type":"post","link":"https:\/\/www.mouthiers-sur-boeme.fr\/?p=5794","title":{"rendered":"Exposition contes du 21\/01 au 6\/03"},"content":{"rendered":"<p><a href=\"http:\/\/www.papillon-lecture.fr\/index.php?lvl=cmspage&amp;pageid=6&amp;id_rubrique=83\" target=\"_blank\" rel=\"noopener\"><img loading=\"lazy\" class=\"aligncenter size-medium wp-image-5839\" src=\"https:\/\/www.mouthiers-sur-boeme.fr\/wp-content\/uploads\/2019\/01\/Visuel-expo-Anne-Lopez-212x300.jpg\" alt=\"\" width=\"212\" height=\"300\" srcset=\"https:\/\/www.mouthiers-sur-boeme.fr\/wp-content\/uploads\/2019\/01\/Visuel-expo-Anne-Lopez-212x300.jpg 212w, https:\/\/www.mouthiers-sur-boeme.fr\/wp-content\/uploads\/2019\/01\/Visuel-expo-Anne-Lopez.jpg 543w\" sizes=\"(max-width: 212px) 100vw, 212px\" \/><\/a>Du 21 janvier au 6 mars : S&rsquo;il te pla\u00eet ! Dis, les contes&#8230; C&rsquo;est vrai ?<\/p>\n<p><a href=\"http:\/\/www.papillon-lecture.fr\/index.php?lvl=cmspage&amp;pageid=6&amp;id_rubrique=83\" target=\"_blank\" rel=\"noopener\">Lien M\u00e9diath\u00e8que<\/a><\/p>\n<p><a href=\"https:\/\/www.lopezanne.com\/exposition-%C3%A0-louer\/\" target=\"_blank\" rel=\"noopener\">Site Anne LOPEZ auteure<\/a><\/p>\n","protected":false},"excerpt":{"rendered":"<p>Du 21 janvier au 6 mars : S&rsquo;il te pla\u00eet ! Dis, les contes&#8230; C&rsquo;est vrai ? Lien M\u00e9diath\u00e8que Site Anne LOPEZ auteure<\/p>\n","protected":false},"author":22,"featured_media":5858,"comment_status":"open","ping_status":"open","sticky":false,"template":"","format":"standard","meta":[],"categories":[20,17],"tags":[],"_links":{"self":[{"href":"https:\/\/www.mouthiers-sur-boeme.fr\/index.php?rest_route=\/wp\/v2\/posts\/5794"}],"collection":[{"href":"https:\/\/www.mouthiers-sur-boeme.fr\/index.php?rest_route=\/wp\/v2\/posts"}],"about":[{"href":"https:\/\/www.mouthiers-sur-boeme.fr\/index.php?rest_route=\/wp\/v2\/types\/post"}],"author":[{"embeddable":true,"href":"https:\/\/www.mouthiers-sur-boeme.fr\/index.php?rest_route=\/wp\/v2\/users\/22"}],"replies":[{"embeddable":true,"href":"https:\/\/www.mouthiers-sur-boeme.fr\/index.php?rest_route=%2Fwp%2Fv2%2Fcomments&post=5794"}],"version-history":[{"count":7,"href":"https:\/\/www.mouthiers-sur-boeme.fr\/index.php?rest_route=\/wp\/v2\/posts\/5794\/revisions"}],"predecessor-version":[{"id":5909,"href":"https:\/\/www.mouthiers-sur-boeme.fr\/index.php?rest_route=\/wp\/v2\/posts\/5794\/revisions\/5909"}],"wp:featuredmedia":[{"embeddable":true,"href":"https:\/\/www.mouthiers-sur-boeme.fr\/index.php?rest_route=\/wp\/v2\/media\/5858"}],"wp:attachment":[{"href":"https:\/\/www.mouthiers-sur-boeme.fr\/index.php?rest_route=%2Fwp%2Fv2%2Fmedia&parent=5794"}],"wp:term":[{"taxonomy":"category","embeddable":true,"href":"https:\/\/www.mouthiers-sur-boeme.fr\/index.php?rest_route=%2Fwp%2Fv2%2Fcategories&post=5794"},{"taxonomy":"post_tag","embeddable":true,"href":"https:\/\/www.mouthiers-sur-boeme.fr\/index.php?rest_route=%2Fwp%2Fv2%2Ftags&post=5794"}],"curies":[{"name":"wp","href":"https:\/\/api.w.org\/{rel}","templated":true}]}}