{"id":5808,"date":"2019-01-16T20:02:15","date_gmt":"2019-01-16T19:02:15","guid":{"rendered":"https:\/\/www.mouthiers-sur-boeme.fr\/?p=5808"},"modified":"2019-01-16T20:02:15","modified_gmt":"2019-01-16T19:02:15","slug":"agglomeration-collecte-des-dechets-des-le-7-janvier-2019","status":"publish","type":"post","link":"https:\/\/www.mouthiers-sur-boeme.fr\/?p=5808","title":{"rendered":"Agglom\u00e9ration &#8211; Collecte des d\u00e9chets &#8211; D\u00e8s le 7 janvier 2019"},"content":{"rendered":"<h1 style=\"text-align: center;\"><a href=\"https:\/\/www.mouthiers-sur-boeme.fr\/wp-content\/uploads\/2019\/01\/mardimatin-vendredisoir.jpg\"><img loading=\"lazy\" class=\"aligncenter size-medium wp-image-5830\" src=\"https:\/\/www.mouthiers-sur-boeme.fr\/wp-content\/uploads\/2019\/01\/mardimatin-vendredisoir-212x300.jpg\" alt=\"\" width=\"212\" height=\"300\" srcset=\"https:\/\/www.mouthiers-sur-boeme.fr\/wp-content\/uploads\/2019\/01\/mardimatin-vendredisoir-212x300.jpg 212w, https:\/\/www.mouthiers-sur-boeme.fr\/wp-content\/uploads\/2019\/01\/mardimatin-vendredisoir-768x1086.jpg 768w, https:\/\/www.mouthiers-sur-boeme.fr\/wp-content\/uploads\/2019\/01\/mardimatin-vendredisoir-724x1024.jpg 724w\" sizes=\"(max-width: 212px) 100vw, 212px\" \/><\/a>Nouveaux jours de collecte 2019<\/h1>\n<p><strong>Collectes des OMR :<\/strong> le mardi matin \u00e0 partir de 5 heures (sortir votre bac (couvercle couleur bordeaux le lundi soir)<\/p>\n<p><strong>Collecte du tri :<\/strong> le vendredi soir \u00e0 partir de 20 heures (sortir votre bac (couvercle de couleur jaune le vendredi soir avant 20 heures)<\/p>\n<p>Par exemple pour le mois de janvier 2019<\/p>\n<p>Mardi 8 : Ordures M\u00e9nag\u00e8res<br \/>\nVendredi 11 : Tri<br \/>\nMardi 15 : Ordures M\u00e9nag\u00e8res<br \/>\nVendredi 18 : Tri<br \/>\nMardi 22 : Ordures M\u00e9nag\u00e8res<br \/>\nVendredi 25 : Tri<br \/>\nMardi 29 : Ordures M\u00e9nag\u00e8res<\/p>\n<p>Pour tous renseignements compl\u00e9mentaires :<\/p>\n<p><strong>num\u00e9ro vert 0 800 77 99 20<\/strong><\/p>\n<p><a href=\"http:\/\/www.pluspropremaville.fr\">www.pluspropremaville.fr<\/a><\/p>\n<p>&nbsp;<\/p>\n","protected":false},"excerpt":{"rendered":"<p>Nouveaux jours de collecte 2019 Collectes des OMR : le mardi matin \u00e0 partir de 5 heures (sortir votre bac (couvercle couleur bordeaux le lundi soir) Collecte du tri : le vendredi soir \u00e0 partir de 20 heures (sortir votre bac (couvercle de couleur jaune le vendredi soir avant 20 heures) Par exemple pour le &hellip; <a href=\"https:\/\/www.mouthiers-sur-boeme.fr\/?p=5808\" class=\"more-link\">Continuer la lecture de <span class=\"screen-reader-text\">Agglom\u00e9ration &#8211; Collecte des d\u00e9chets &#8211; D\u00e8s le 7 janvier 2019<\/span>  <span class=\"meta-nav\">&rarr;<\/span><\/a><\/p>\n","protected":false},"author":22,"featured_media":0,"comment_status":"open","ping_status":"open","sticky":false,"template":"","format":"standard","meta":[],"categories":[75,15],"tags":[],"_links":{"self":[{"href":"https:\/\/www.mouthiers-sur-boeme.fr\/index.php?rest_route=\/wp\/v2\/posts\/5808"}],"collection":[{"href":"https:\/\/www.mouthiers-sur-boeme.fr\/index.php?rest_route=\/wp\/v2\/posts"}],"about":[{"href":"https:\/\/www.mouthiers-sur-boeme.fr\/index.php?rest_route=\/wp\/v2\/types\/post"}],"author":[{"embeddable":true,"href":"https:\/\/www.mouthiers-sur-boeme.fr\/index.php?rest_route=\/wp\/v2\/users\/22"}],"replies":[{"embeddable":true,"href":"https:\/\/www.mouthiers-sur-boeme.fr\/index.php?rest_route=%2Fwp%2Fv2%2Fcomments&post=5808"}],"version-history":[{"count":3,"href":"https:\/\/www.mouthiers-sur-boeme.fr\/index.php?rest_route=\/wp\/v2\/posts\/5808\/revisions"}],"predecessor-version":[{"id":5832,"href":"https:\/\/www.mouthiers-sur-boeme.fr\/index.php?rest_route=\/wp\/v2\/posts\/5808\/revisions\/5832"}],"wp:attachment":[{"href":"https:\/\/www.mouthiers-sur-boeme.fr\/index.php?rest_route=%2Fwp%2Fv2%2Fmedia&parent=5808"}],"wp:term":[{"taxonomy":"category","embeddable":true,"href":"https:\/\/www.mouthiers-sur-boeme.fr\/index.php?rest_route=%2Fwp%2Fv2%2Fcategories&post=5808"},{"taxonomy":"post_tag","embeddable":true,"href":"https:\/\/www.mouthiers-sur-boeme.fr\/index.php?rest_route=%2Fwp%2Fv2%2Ftags&post=5808"}],"curies":[{"name":"wp","href":"https:\/\/api.w.org\/{rel}","templated":true}]}}