{"id":5812,"date":"2019-01-15T19:45:19","date_gmt":"2019-01-15T18:45:19","guid":{"rendered":"https:\/\/www.mouthiers-sur-boeme.fr\/?p=5812"},"modified":"2019-05-11T09:57:32","modified_gmt":"2019-05-11T08:57:32","slug":"recherche-benevole-ekiden-trail-27-avril-2019","status":"publish","type":"post","link":"https:\/\/www.mouthiers-sur-boeme.fr\/?p=5812","title":{"rendered":"RECHERCHE B\u00c9N\u00c9VOLE &#8211; EKIDEN TRAIL 27 AVRIL 2019"},"content":{"rendered":"<p><strong>EKIDEN Trail de la Boeme <\/strong><\/p>\n<p><strong>Samedi 27 Avril 2019<\/strong><\/p>\n<p><strong>Si vous \u00eates int\u00e9ress\u00e9s voici nos propositions\u00a0:<\/strong><\/p>\n<p><strong>(Plusieurs r\u00e9ponses possibles)<\/strong><\/p>\n<p><strong>Signaleur bord de route <\/strong><\/p>\n<p><strong>Signaleur sur chemin et sentier<\/strong><\/p>\n<p><strong>Ravitaillement <\/strong><\/p>\n<p><strong>Inscriptions et distributions dossards <\/strong><\/p>\n<p><strong>B\u00e9n\u00e9vole sur le site <\/strong><\/p>\n<p><strong>Pr\u00e9paration repas + distribution<\/strong><\/p>\n<p><strong>Ouverture et fermeture circuits \u00e0 pied ou \u00e0 VTT <\/strong><\/p>\n<p><a href=\"https:\/\/www.mouthiers-sur-boeme.fr\/wp-content\/uploads\/2019\/01\/Ekiden.jpg\"><img loading=\"lazy\" class=\"aligncenter size-medium wp-image-5822\" src=\"https:\/\/www.mouthiers-sur-boeme.fr\/wp-content\/uploads\/2019\/01\/Ekiden-211x300.jpg\" alt=\"\" width=\"211\" height=\"300\" srcset=\"https:\/\/www.mouthiers-sur-boeme.fr\/wp-content\/uploads\/2019\/01\/Ekiden-211x300.jpg 211w, https:\/\/www.mouthiers-sur-boeme.fr\/wp-content\/uploads\/2019\/01\/Ekiden-768x1090.jpg 768w, https:\/\/www.mouthiers-sur-boeme.fr\/wp-content\/uploads\/2019\/01\/Ekiden-722x1024.jpg 722w\" sizes=\"(max-width: 211px) 100vw, 211px\" \/><\/a><\/p>\n<p><strong><u>RECHERCHE BENEVOLES<\/u><\/strong><\/p>\n<p><strong>EKIDEN Trail de la Boeme <\/strong><\/p>\n<p><strong>Samedi 27 Avril 2019<\/strong><\/p>\n<p><strong>Si vous \u00eates int\u00e9ress\u00e9s voici nos propositions\u00a0:<\/strong><\/p>\n<p><strong>(Plusieurs r\u00e9ponses possibles)<\/strong><\/p>\n<p><strong>Signaleur bord de route <\/strong><\/p>\n<p><strong>Signaleur sur chemin et sentier<\/strong><\/p>\n<p><strong>Ravitaillement <\/strong><\/p>\n<p><strong>Inscriptions et distributions dossards <\/strong><\/p>\n<p><strong>B\u00e9n\u00e9vole sur le site <\/strong><\/p>\n<p><strong>Pr\u00e9paration repas + distribution<\/strong><\/p>\n<p><strong>Ouverture et fermeture circuits \u00e0 pied ou \u00e0 VTT<br \/>\n<\/strong><\/p>\n","protected":false},"excerpt":{"rendered":"<p>EKIDEN Trail de la Boeme Samedi 27 Avril 2019 Si vous \u00eates int\u00e9ress\u00e9s voici nos propositions\u00a0: (Plusieurs r\u00e9ponses possibles) Signaleur bord de route Signaleur sur chemin et sentier Ravitaillement Inscriptions et distributions dossards B\u00e9n\u00e9vole sur le site Pr\u00e9paration repas + distribution Ouverture et fermeture circuits \u00e0 pied ou \u00e0 VTT RECHERCHE BENEVOLES EKIDEN Trail de &hellip; <a href=\"https:\/\/www.mouthiers-sur-boeme.fr\/?p=5812\" class=\"more-link\">Continuer la lecture de <span class=\"screen-reader-text\">RECHERCHE B\u00c9N\u00c9VOLE &#8211; EKIDEN TRAIL 27 AVRIL 2019<\/span>  <span class=\"meta-nav\">&rarr;<\/span><\/a><\/p>\n","protected":false},"author":22,"featured_media":0,"comment_status":"open","ping_status":"open","sticky":false,"template":"","format":"standard","meta":[],"categories":[66],"tags":[],"_links":{"self":[{"href":"https:\/\/www.mouthiers-sur-boeme.fr\/index.php?rest_route=\/wp\/v2\/posts\/5812"}],"collection":[{"href":"https:\/\/www.mouthiers-sur-boeme.fr\/index.php?rest_route=\/wp\/v2\/posts"}],"about":[{"href":"https:\/\/www.mouthiers-sur-boeme.fr\/index.php?rest_route=\/wp\/v2\/types\/post"}],"author":[{"embeddable":true,"href":"https:\/\/www.mouthiers-sur-boeme.fr\/index.php?rest_route=\/wp\/v2\/users\/22"}],"replies":[{"embeddable":true,"href":"https:\/\/www.mouthiers-sur-boeme.fr\/index.php?rest_route=%2Fwp%2Fv2%2Fcomments&post=5812"}],"version-history":[{"count":2,"href":"https:\/\/www.mouthiers-sur-boeme.fr\/index.php?rest_route=\/wp\/v2\/posts\/5812\/revisions"}],"predecessor-version":[{"id":5824,"href":"https:\/\/www.mouthiers-sur-boeme.fr\/index.php?rest_route=\/wp\/v2\/posts\/5812\/revisions\/5824"}],"wp:attachment":[{"href":"https:\/\/www.mouthiers-sur-boeme.fr\/index.php?rest_route=%2Fwp%2Fv2%2Fmedia&parent=5812"}],"wp:term":[{"taxonomy":"category","embeddable":true,"href":"https:\/\/www.mouthiers-sur-boeme.fr\/index.php?rest_route=%2Fwp%2Fv2%2Fcategories&post=5812"},{"taxonomy":"post_tag","embeddable":true,"href":"https:\/\/www.mouthiers-sur-boeme.fr\/index.php?rest_route=%2Fwp%2Fv2%2Ftags&post=5812"}],"curies":[{"name":"wp","href":"https:\/\/api.w.org\/{rel}","templated":true}]}}