{"id":5814,"date":"2019-01-14T14:38:28","date_gmt":"2019-01-14T13:38:28","guid":{"rendered":"https:\/\/www.mouthiers-sur-boeme.fr\/?p=5814"},"modified":"2019-02-12T21:25:50","modified_gmt":"2019-02-12T20:25:50","slug":"2501-cafe-citoyen-pollution-sur-lair-interieur-des-maisons","status":"publish","type":"post","link":"https:\/\/www.mouthiers-sur-boeme.fr\/?p=5814","title":{"rendered":"25\/01 Caf\u00e9 Citoyen \u00ab\u00a0Pollution sur l&rsquo;Air Int\u00e9rieur des Maisons\u00a0\u00bb"},"content":{"rendered":"<p>Vendredi 25 janvier \u00e0 18 heures au caf\u00e9 de la Bo\u00ebme.<\/p>\n<p>L&rsquo;int\u00e9rieur des maisons, un cocktail de produits d\u00e9tonnant ?<\/p>\n<p>Anim\u00e9 par Sylvie Caillaud de Charente Nature<\/p>\n<p><a href=\"https:\/\/www.mouthiers-sur-boeme.fr\/wp-content\/uploads\/2019\/01\/Caf\u00e9-citoyen-Pollution-interieure.jpg\"><img loading=\"lazy\" class=\"aligncenter size-medium wp-image-5815\" src=\"https:\/\/www.mouthiers-sur-boeme.fr\/wp-content\/uploads\/2019\/01\/Caf\u00e9-citoyen-Pollution-interieure-212x300.jpg\" alt=\"\" width=\"212\" height=\"300\" srcset=\"https:\/\/www.mouthiers-sur-boeme.fr\/wp-content\/uploads\/2019\/01\/Caf\u00e9-citoyen-Pollution-interieure-212x300.jpg 212w, https:\/\/www.mouthiers-sur-boeme.fr\/wp-content\/uploads\/2019\/01\/Caf\u00e9-citoyen-Pollution-interieure-768x1086.jpg 768w, https:\/\/www.mouthiers-sur-boeme.fr\/wp-content\/uploads\/2019\/01\/Caf\u00e9-citoyen-Pollution-interieure-724x1024.jpg 724w\" sizes=\"(max-width: 212px) 100vw, 212px\" \/><\/a><\/p>\n","protected":false},"excerpt":{"rendered":"<p>Vendredi 25 janvier \u00e0 18 heures au caf\u00e9 de la Bo\u00ebme. L&rsquo;int\u00e9rieur des maisons, un cocktail de produits d\u00e9tonnant ? Anim\u00e9 par Sylvie Caillaud de Charente Nature<\/p>\n","protected":false},"author":22,"featured_media":0,"comment_status":"open","ping_status":"open","sticky":false,"template":"","format":"standard","meta":[],"categories":[4],"tags":[],"_links":{"self":[{"href":"https:\/\/www.mouthiers-sur-boeme.fr\/index.php?rest_route=\/wp\/v2\/posts\/5814"}],"collection":[{"href":"https:\/\/www.mouthiers-sur-boeme.fr\/index.php?rest_route=\/wp\/v2\/posts"}],"about":[{"href":"https:\/\/www.mouthiers-sur-boeme.fr\/index.php?rest_route=\/wp\/v2\/types\/post"}],"author":[{"embeddable":true,"href":"https:\/\/www.mouthiers-sur-boeme.fr\/index.php?rest_route=\/wp\/v2\/users\/22"}],"replies":[{"embeddable":true,"href":"https:\/\/www.mouthiers-sur-boeme.fr\/index.php?rest_route=%2Fwp%2Fv2%2Fcomments&post=5814"}],"version-history":[{"count":3,"href":"https:\/\/www.mouthiers-sur-boeme.fr\/index.php?rest_route=\/wp\/v2\/posts\/5814\/revisions"}],"predecessor-version":[{"id":5819,"href":"https:\/\/www.mouthiers-sur-boeme.fr\/index.php?rest_route=\/wp\/v2\/posts\/5814\/revisions\/5819"}],"wp:attachment":[{"href":"https:\/\/www.mouthiers-sur-boeme.fr\/index.php?rest_route=%2Fwp%2Fv2%2Fmedia&parent=5814"}],"wp:term":[{"taxonomy":"category","embeddable":true,"href":"https:\/\/www.mouthiers-sur-boeme.fr\/index.php?rest_route=%2Fwp%2Fv2%2Fcategories&post=5814"},{"taxonomy":"post_tag","embeddable":true,"href":"https:\/\/www.mouthiers-sur-boeme.fr\/index.php?rest_route=%2Fwp%2Fv2%2Ftags&post=5814"}],"curies":[{"name":"wp","href":"https:\/\/api.w.org\/{rel}","templated":true}]}}