{"id":5894,"date":"2019-02-13T17:18:54","date_gmt":"2019-02-13T16:18:54","guid":{"rendered":"https:\/\/www.mouthiers-sur-boeme.fr\/?p=5894"},"modified":"2019-02-13T17:32:00","modified_gmt":"2019-02-13T16:32:00","slug":"lalpha-du-12-au-16-fevrier","status":"publish","type":"post","link":"https:\/\/www.mouthiers-sur-boeme.fr\/?p=5894","title":{"rendered":"Le Changement c&rsquo;est quand ! L&rsquo;ALPHA du 12 au 16 f\u00e9vrier"},"content":{"rendered":"<ul>\n<li><strong>Du 12 au 23 f\u00e9vrier<\/strong>: Diffusion d\u2019une Web BD \u00ab\u00a0ma propre \u00e9nergie\u00a0\u00bb sur les \u00e9crans de l\u2019Alpha.Une exposition d\u00e9tourn\u00e9e de portraits \u00ab\u00a0bidons\u00a0\u00bb sur le changement climatique (Plasticien Fabrice Pressigout)\u00a0 sera install\u00e9e dans la salle d\u2019exposition.<\/li>\n<li>Exposition sur le changement climatique (niveau -1 de l\u2019Alpha).<\/li>\n<li><strong>Les mercredi 13 et samedi 16<\/strong> des ateliers scientifiques et artistiques sur la transition \u00e9nerg\u00e9tique avec les petits d\u00e9brouillards et l\u2019artiste plasticienne Anne-Paule Mousnier (sur inscription aupr\u00e8s de l\u2019Alpha). Public \u00a0: Familles avec enfants \u00e0 partir de 8 ans. Dur\u00e9e de l\u2019atelier 2h (1h petits d\u00e9brouillards+ 1h avec l\u2019artiste plasticienne).<\/li>\n<\/ul>\n<ul>\n<li><strong>\u00ab\u00a0Porteurs de parole\u00a0\u00bb <\/strong>avec le <strong>Conseil de d\u00e9veloppement de GrandAngoul\u00eame\u00a0<\/strong>: Recueil de la parole du public sur le changement climatique \u00ab\u00a0Le changement c\u2019est quand\u00a0? Comment\u00a0? Avec qui\u00a0? Et moi dans tout \u00e7a\u00a0?\u00a0\u00bb dans le hall de l\u2019Alpha (famille et grand public mercredi 13 de 14h \u00e0 17h\u00a0; vendredi 15 de 18h \u00e0 18h30 et de 20h \u00e0 20h30\u00a0; samedi 16 de 14h \u00e0 16h30).<\/li>\n<li><strong>Jeudi 14 f\u00e9vrier<\/strong>: Forum scolaires autour du changement climatique et des \u00e9nergies renouvelables et \u00e0 <strong>18h30<\/strong> <strong>Conf\u00e9rence de Benoit Sautour, <\/strong>professeur d&rsquo;\u00e9cologie \u00e0 l&rsquo;universit\u00e9 de Bordeaux et ambassadeur de la f\u00eate de la science pour la r\u00e9gion Nouvelle Aquitaine, sur le th\u00e8me \u00ab\u00a0Climat et biodiversit\u00e9\u00a0: d\u00e9r\u00e8glements en cours!\u00a0\u00bb. Tous publics.<\/li>\n<li><strong>Vendredi 15 f\u00e9vrier<\/strong>: Un cycle de conf\u00e9rences \u00e0 l\u2019auditorium sur les <strong>Fake news avec Julien Picard Monnet<\/strong> de \u00ab\u00a0Curieux\u00a0\u00bb de 14h \u00e0 17h pour les scolaires de coll\u00e8ges et lyc\u00e9es. <strong>Conf\u00e9rence \u00ab\u00a0dessin\u00e9e\u00a0\u00bb<\/strong> sur le m\u00eame th\u00e8me <strong>\u00e0 18h30<\/strong> pour le grand public avec <strong>l\u2019intervention de Morgane Parisi, auteure de BD<\/strong>. Tout public.<strong><a href=\"https:\/\/www.mouthiers-sur-boeme.fr\/wp-content\/uploads\/2019\/02\/image002.jpg\"><img loading=\"lazy\" class=\"aligncenter size-medium wp-image-5911\" src=\"https:\/\/www.mouthiers-sur-boeme.fr\/wp-content\/uploads\/2019\/02\/image002-226x300.jpg\" alt=\"\" width=\"226\" height=\"300\" srcset=\"https:\/\/www.mouthiers-sur-boeme.fr\/wp-content\/uploads\/2019\/02\/image002-226x300.jpg 226w, https:\/\/www.mouthiers-sur-boeme.fr\/wp-content\/uploads\/2019\/02\/image002-768x1019.jpg 768w, https:\/\/www.mouthiers-sur-boeme.fr\/wp-content\/uploads\/2019\/02\/image002-772x1024.jpg 772w, https:\/\/www.mouthiers-sur-boeme.fr\/wp-content\/uploads\/2019\/02\/image002.jpg 943w\" sizes=\"(max-width: 226px) 100vw, 226px\" \/><\/a><\/strong><\/li>\n<\/ul>\n<p>L\u2019ensemble des actions propos\u00e9es sont gratuites.<\/p>\n","protected":false},"excerpt":{"rendered":"<p>Du 12 au 23 f\u00e9vrier: Diffusion d\u2019une Web BD \u00ab\u00a0ma propre \u00e9nergie\u00a0\u00bb sur les \u00e9crans de l\u2019Alpha.Une exposition d\u00e9tourn\u00e9e de portraits \u00ab\u00a0bidons\u00a0\u00bb sur le changement climatique (Plasticien Fabrice Pressigout)\u00a0 sera install\u00e9e dans la salle d\u2019exposition. Exposition sur le changement climatique (niveau -1 de l\u2019Alpha). Les mercredi 13 et samedi 16 des ateliers scientifiques et artistiques &hellip; <a href=\"https:\/\/www.mouthiers-sur-boeme.fr\/?p=5894\" class=\"more-link\">Continuer la lecture de <span class=\"screen-reader-text\">Le Changement c&rsquo;est quand ! L&rsquo;ALPHA du 12 au 16 f\u00e9vrier<\/span>  <span class=\"meta-nav\">&rarr;<\/span><\/a><\/p>\n","protected":false},"author":22,"featured_media":0,"comment_status":"open","ping_status":"open","sticky":false,"template":"","format":"standard","meta":[],"categories":[4],"tags":[],"_links":{"self":[{"href":"https:\/\/www.mouthiers-sur-boeme.fr\/index.php?rest_route=\/wp\/v2\/posts\/5894"}],"collection":[{"href":"https:\/\/www.mouthiers-sur-boeme.fr\/index.php?rest_route=\/wp\/v2\/posts"}],"about":[{"href":"https:\/\/www.mouthiers-sur-boeme.fr\/index.php?rest_route=\/wp\/v2\/types\/post"}],"author":[{"embeddable":true,"href":"https:\/\/www.mouthiers-sur-boeme.fr\/index.php?rest_route=\/wp\/v2\/users\/22"}],"replies":[{"embeddable":true,"href":"https:\/\/www.mouthiers-sur-boeme.fr\/index.php?rest_route=%2Fwp%2Fv2%2Fcomments&post=5894"}],"version-history":[{"count":5,"href":"https:\/\/www.mouthiers-sur-boeme.fr\/index.php?rest_route=\/wp\/v2\/posts\/5894\/revisions"}],"predecessor-version":[{"id":5914,"href":"https:\/\/www.mouthiers-sur-boeme.fr\/index.php?rest_route=\/wp\/v2\/posts\/5894\/revisions\/5914"}],"wp:attachment":[{"href":"https:\/\/www.mouthiers-sur-boeme.fr\/index.php?rest_route=%2Fwp%2Fv2%2Fmedia&parent=5894"}],"wp:term":[{"taxonomy":"category","embeddable":true,"href":"https:\/\/www.mouthiers-sur-boeme.fr\/index.php?rest_route=%2Fwp%2Fv2%2Fcategories&post=5894"},{"taxonomy":"post_tag","embeddable":true,"href":"https:\/\/www.mouthiers-sur-boeme.fr\/index.php?rest_route=%2Fwp%2Fv2%2Ftags&post=5894"}],"curies":[{"name":"wp","href":"https:\/\/api.w.org\/{rel}","templated":true}]}}