{"id":5950,"date":"2019-03-08T12:15:04","date_gmt":"2019-03-08T11:15:04","guid":{"rendered":"https:\/\/www.mouthiers-sur-boeme.fr\/?p=5950"},"modified":"2019-03-08T12:15:04","modified_gmt":"2019-03-08T11:15:04","slug":"samedi-9-mars-soiree-theatre-au-logis-de-bournet","status":"publish","type":"post","link":"https:\/\/www.mouthiers-sur-boeme.fr\/?p=5950","title":{"rendered":"Samedi 9 mars &#8211; Soir\u00e9e th\u00e9\u00e2tre au Logis de Bournet"},"content":{"rendered":"<p><a href=\"https:\/\/www.mouthiers-sur-boeme.fr\/wp-content\/uploads\/2019\/03\/Affche-Th\u00e9atre-sans-Animaux-Logis-de-Bournet-page-002.jpg\"><img loading=\"lazy\" class=\"aligncenter size-medium wp-image-5951\" src=\"https:\/\/www.mouthiers-sur-boeme.fr\/wp-content\/uploads\/2019\/03\/Affche-Th\u00e9atre-sans-Animaux-Logis-de-Bournet-page-002-212x300.jpg\" alt=\"\" width=\"212\" height=\"300\" srcset=\"https:\/\/www.mouthiers-sur-boeme.fr\/wp-content\/uploads\/2019\/03\/Affche-Th\u00e9atre-sans-Animaux-Logis-de-Bournet-page-002-212x300.jpg 212w, https:\/\/www.mouthiers-sur-boeme.fr\/wp-content\/uploads\/2019\/03\/Affche-Th\u00e9atre-sans-Animaux-Logis-de-Bournet-page-002-768x1086.jpg 768w, https:\/\/www.mouthiers-sur-boeme.fr\/wp-content\/uploads\/2019\/03\/Affche-Th\u00e9atre-sans-Animaux-Logis-de-Bournet-page-002-724x1024.jpg 724w\" sizes=\"(max-width: 212px) 100vw, 212px\" \/><\/a><\/p>\n","protected":false},"excerpt":{"rendered":"","protected":false},"author":22,"featured_media":0,"comment_status":"open","ping_status":"open","sticky":false,"template":"","format":"image","meta":[],"categories":[12],"tags":[],"_links":{"self":[{"href":"https:\/\/www.mouthiers-sur-boeme.fr\/index.php?rest_route=\/wp\/v2\/posts\/5950"}],"collection":[{"href":"https:\/\/www.mouthiers-sur-boeme.fr\/index.php?rest_route=\/wp\/v2\/posts"}],"about":[{"href":"https:\/\/www.mouthiers-sur-boeme.fr\/index.php?rest_route=\/wp\/v2\/types\/post"}],"author":[{"embeddable":true,"href":"https:\/\/www.mouthiers-sur-boeme.fr\/index.php?rest_route=\/wp\/v2\/users\/22"}],"replies":[{"embeddable":true,"href":"https:\/\/www.mouthiers-sur-boeme.fr\/index.php?rest_route=%2Fwp%2Fv2%2Fcomments&post=5950"}],"version-history":[{"count":1,"href":"https:\/\/www.mouthiers-sur-boeme.fr\/index.php?rest_route=\/wp\/v2\/posts\/5950\/revisions"}],"predecessor-version":[{"id":5952,"href":"https:\/\/www.mouthiers-sur-boeme.fr\/index.php?rest_route=\/wp\/v2\/posts\/5950\/revisions\/5952"}],"wp:attachment":[{"href":"https:\/\/www.mouthiers-sur-boeme.fr\/index.php?rest_route=%2Fwp%2Fv2%2Fmedia&parent=5950"}],"wp:term":[{"taxonomy":"category","embeddable":true,"href":"https:\/\/www.mouthiers-sur-boeme.fr\/index.php?rest_route=%2Fwp%2Fv2%2Fcategories&post=5950"},{"taxonomy":"post_tag","embeddable":true,"href":"https:\/\/www.mouthiers-sur-boeme.fr\/index.php?rest_route=%2Fwp%2Fv2%2Ftags&post=5950"}],"curies":[{"name":"wp","href":"https:\/\/api.w.org\/{rel}","templated":true}]}}