{"id":5956,"date":"2019-03-08T12:22:36","date_gmt":"2019-03-08T11:22:36","guid":{"rendered":"https:\/\/www.mouthiers-sur-boeme.fr\/?p=5956"},"modified":"2019-03-22T18:46:28","modified_gmt":"2019-03-22T17:46:28","slug":"cinema-mjc-jules-berry-jeudi-21-mars","status":"publish","type":"post","link":"https:\/\/www.mouthiers-sur-boeme.fr\/?p=5956","title":{"rendered":"Cin\u00e9ma &#8211; MJC Jules Berry &#8211; Jeudi 21 Mars"},"content":{"rendered":"<p style=\"text-align: center;\"><strong>Jeudi 21 MARS<\/strong><br \/>\n<strong>20 H 30<\/strong><br \/>\n<strong>LES INVISIBLES<\/strong><br \/>\nDe Louis-Julien Petit<br \/>\nAvec Audrey Lamy, Corinne Masiero, No\u00e9mie Lvovsky<br \/>\nCom\u00e9die<br \/>\nDur\u00e9e 1h 42<\/p>\n<p style=\"text-align: left;\"><em>Suite \u00e0 une d\u00e9cision municipale, l\u2019Envol, centre d\u2019accueil pour femmes SDF, va fermer. <\/em><em>Il ne reste plus que trois mois aux travailleuses sociales pour r\u00e9ins\u00e9rer co\u00fbte que co\u00fbte les femmes dont elles s\u2019occupent: falsifications, pistons, mensonges\u2026<\/em><\/p>\n<p><em>D\u00e9sormais, tout est permis !<\/em><a href=\"https:\/\/www.mouthiers-sur-boeme.fr\/wp-content\/uploads\/2019\/03\/Affiche-film-LES-INVISIBLES-21.03.2019-20h30.jpg\"><img loading=\"lazy\" class=\"aligncenter size-medium wp-image-5957\" src=\"https:\/\/www.mouthiers-sur-boeme.fr\/wp-content\/uploads\/2019\/03\/Affiche-film-LES-INVISIBLES-21.03.2019-20h30-225x300.jpg\" alt=\"\" width=\"225\" height=\"300\" \/><\/a><br \/>\n<strong>Tarif Normal : 4,00 \u20ac &#8211; Tarif R\u00e9duit : 3,00 \u20ac<\/strong><\/p>\n","protected":false},"excerpt":{"rendered":"<p>Jeudi 21 MARS 20 H 30 LES INVISIBLES De Louis-Julien Petit Avec Audrey Lamy, Corinne Masiero, No\u00e9mie Lvovsky Com\u00e9die Dur\u00e9e 1h 42 Suite \u00e0 une d\u00e9cision municipale, l\u2019Envol, centre d\u2019accueil pour femmes SDF, va fermer. Il ne reste plus que trois mois aux travailleuses sociales pour r\u00e9ins\u00e9rer co\u00fbte que co\u00fbte les femmes dont elles s\u2019occupent: &hellip; <a href=\"https:\/\/www.mouthiers-sur-boeme.fr\/?p=5956\" class=\"more-link\">Continuer la lecture de <span class=\"screen-reader-text\">Cin\u00e9ma &#8211; MJC Jules Berry &#8211; Jeudi 21 Mars<\/span>  <span class=\"meta-nav\">&rarr;<\/span><\/a><\/p>\n","protected":false},"author":22,"featured_media":0,"comment_status":"open","ping_status":"open","sticky":false,"template":"","format":"standard","meta":[],"categories":[65],"tags":[],"_links":{"self":[{"href":"https:\/\/www.mouthiers-sur-boeme.fr\/index.php?rest_route=\/wp\/v2\/posts\/5956"}],"collection":[{"href":"https:\/\/www.mouthiers-sur-boeme.fr\/index.php?rest_route=\/wp\/v2\/posts"}],"about":[{"href":"https:\/\/www.mouthiers-sur-boeme.fr\/index.php?rest_route=\/wp\/v2\/types\/post"}],"author":[{"embeddable":true,"href":"https:\/\/www.mouthiers-sur-boeme.fr\/index.php?rest_route=\/wp\/v2\/users\/22"}],"replies":[{"embeddable":true,"href":"https:\/\/www.mouthiers-sur-boeme.fr\/index.php?rest_route=%2Fwp%2Fv2%2Fcomments&post=5956"}],"version-history":[{"count":1,"href":"https:\/\/www.mouthiers-sur-boeme.fr\/index.php?rest_route=\/wp\/v2\/posts\/5956\/revisions"}],"predecessor-version":[{"id":5958,"href":"https:\/\/www.mouthiers-sur-boeme.fr\/index.php?rest_route=\/wp\/v2\/posts\/5956\/revisions\/5958"}],"wp:attachment":[{"href":"https:\/\/www.mouthiers-sur-boeme.fr\/index.php?rest_route=%2Fwp%2Fv2%2Fmedia&parent=5956"}],"wp:term":[{"taxonomy":"category","embeddable":true,"href":"https:\/\/www.mouthiers-sur-boeme.fr\/index.php?rest_route=%2Fwp%2Fv2%2Fcategories&post=5956"},{"taxonomy":"post_tag","embeddable":true,"href":"https:\/\/www.mouthiers-sur-boeme.fr\/index.php?rest_route=%2Fwp%2Fv2%2Ftags&post=5956"}],"curies":[{"name":"wp","href":"https:\/\/api.w.org\/{rel}","templated":true}]}}