{"id":5967,"date":"2019-03-15T07:22:58","date_gmt":"2019-03-15T06:22:58","guid":{"rendered":"https:\/\/www.mouthiers-sur-boeme.fr\/?p=5967"},"modified":"2019-03-22T18:49:12","modified_gmt":"2019-03-22T17:49:12","slug":"mars-a-la-mediatheque","status":"publish","type":"post","link":"https:\/\/www.mouthiers-sur-boeme.fr\/?p=5967","title":{"rendered":"Mars \u00e0 la M\u00e9diath\u00e8que"},"content":{"rendered":"<p><span style=\"font-size: medium;\">Voici la date du prochain 20 BD : Vendredi 22 mars \u00e0 20 h \u00e0 la m\u00e9diath\u00e8que de Mouthiers.<\/span><\/p>\n<p><span style=\"font-size: medium;\">Ce 20 BD sera l&rsquo;occasion d&rsquo;\u00e9lire votre trio de t\u00eate des BD de la Bulle des Lecteurs.<\/span><\/p>\n<p><span style=\"font-size: medium;\">Si vous ne pouvez pas venir, merci de nous faire parvenir votre vote avant le 29 mars.<\/span><\/p>\n<p><span style=\"font-family: Default Sans Serif,Verdana,Arial,Helvetica,sans-serif; font-size: medium;\">L&rsquo;attribution des points se fait de la fa\u00e7on suivante :<br \/>\n3 points \u00e0 l&rsquo;album pr\u00e9f\u00e9r\u00e9<br \/>\n2 points au deuxi\u00e8me<br \/>\n1 point au troisi\u00e8me<\/span><\/p>\n<p>&nbsp;<\/p>\n<p><span style=\"font-size: medium;\">De plus, la remise du Prix de la Bulle des Lecteurs aura lieu le<strong> Vendredi 10 mai \u00e0 18h\u00a0<\/strong> \u00e0 l&rsquo;H\u00f4tel du d\u00e9partement de la Charente. P<\/span><span style=\"font-size: medium;\">our plus de renseignements n&rsquo;h\u00e9sitez pas \u00e0 nous contacter<br \/>\n<\/span><\/p>\n<p><span style=\"font-size: medium;\"><a href=\"mailto:papillonlecture@grandangouleme.fr\" target=\"_blank\" rel=\"noopener\">papillonlecture@<wbr \/>grandangouleme.fr<\/a><\/span><\/p>\n<p><span style=\"font-size: medium;\">05.45.67.89.47<\/span><\/p>\n<p>&nbsp;<\/p>\n<p>EXPOSITION : Du 16 mars au 06 avril 2019 .<a href=\"https:\/\/www.mouthiers-sur-boeme.fr\/wp-content\/uploads\/2019\/03\/Aff28x28_MC_Mouthiers-v1.jpg\"><img loading=\"lazy\" class=\"aligncenter size-medium wp-image-6003\" src=\"https:\/\/www.mouthiers-sur-boeme.fr\/wp-content\/uploads\/2019\/03\/Aff28x28_MC_Mouthiers-v1-300x300.jpg\" alt=\"\" width=\"300\" height=\"300\" srcset=\"https:\/\/www.mouthiers-sur-boeme.fr\/wp-content\/uploads\/2019\/03\/Aff28x28_MC_Mouthiers-v1-300x300.jpg 300w, https:\/\/www.mouthiers-sur-boeme.fr\/wp-content\/uploads\/2019\/03\/Aff28x28_MC_Mouthiers-v1-150x150.jpg 150w, https:\/\/www.mouthiers-sur-boeme.fr\/wp-content\/uploads\/2019\/03\/Aff28x28_MC_Mouthiers-v1-768x768.jpg 768w, https:\/\/www.mouthiers-sur-boeme.fr\/wp-content\/uploads\/2019\/03\/Aff28x28_MC_Mouthiers-v1-1024x1024.jpg 1024w\" sizes=\"(max-width: 300px) 100vw, 300px\" \/><\/a><\/p>\n<p>Grimmades\u00a0 \/ Marino et Chrisco \/ illustrations libres des contes de Grimm.<\/p>\n<p>Le vernissage aura lieu le samedi 16 mars \u00e0 11 heures<\/p>\n","protected":false},"excerpt":{"rendered":"<p>Voici la date du prochain 20 BD : Vendredi 22 mars \u00e0 20 h \u00e0 la m\u00e9diath\u00e8que de Mouthiers. Ce 20 BD sera l&rsquo;occasion d&rsquo;\u00e9lire votre trio de t\u00eate des BD de la Bulle des Lecteurs. Si vous ne pouvez pas venir, merci de nous faire parvenir votre vote avant le 29 mars. L&rsquo;attribution des &hellip; <a href=\"https:\/\/www.mouthiers-sur-boeme.fr\/?p=5967\" class=\"more-link\">Continuer la lecture de <span class=\"screen-reader-text\">Mars \u00e0 la M\u00e9diath\u00e8que<\/span>  <span class=\"meta-nav\">&rarr;<\/span><\/a><\/p>\n","protected":false},"author":22,"featured_media":6005,"comment_status":"open","ping_status":"open","sticky":false,"template":"","format":"standard","meta":[],"categories":[20],"tags":[],"_links":{"self":[{"href":"https:\/\/www.mouthiers-sur-boeme.fr\/index.php?rest_route=\/wp\/v2\/posts\/5967"}],"collection":[{"href":"https:\/\/www.mouthiers-sur-boeme.fr\/index.php?rest_route=\/wp\/v2\/posts"}],"about":[{"href":"https:\/\/www.mouthiers-sur-boeme.fr\/index.php?rest_route=\/wp\/v2\/types\/post"}],"author":[{"embeddable":true,"href":"https:\/\/www.mouthiers-sur-boeme.fr\/index.php?rest_route=\/wp\/v2\/users\/22"}],"replies":[{"embeddable":true,"href":"https:\/\/www.mouthiers-sur-boeme.fr\/index.php?rest_route=%2Fwp%2Fv2%2Fcomments&post=5967"}],"version-history":[{"count":3,"href":"https:\/\/www.mouthiers-sur-boeme.fr\/index.php?rest_route=\/wp\/v2\/posts\/5967\/revisions"}],"predecessor-version":[{"id":6006,"href":"https:\/\/www.mouthiers-sur-boeme.fr\/index.php?rest_route=\/wp\/v2\/posts\/5967\/revisions\/6006"}],"wp:featuredmedia":[{"embeddable":true,"href":"https:\/\/www.mouthiers-sur-boeme.fr\/index.php?rest_route=\/wp\/v2\/media\/6005"}],"wp:attachment":[{"href":"https:\/\/www.mouthiers-sur-boeme.fr\/index.php?rest_route=%2Fwp%2Fv2%2Fmedia&parent=5967"}],"wp:term":[{"taxonomy":"category","embeddable":true,"href":"https:\/\/www.mouthiers-sur-boeme.fr\/index.php?rest_route=%2Fwp%2Fv2%2Fcategories&post=5967"},{"taxonomy":"post_tag","embeddable":true,"href":"https:\/\/www.mouthiers-sur-boeme.fr\/index.php?rest_route=%2Fwp%2Fv2%2Ftags&post=5967"}],"curies":[{"name":"wp","href":"https:\/\/api.w.org\/{rel}","templated":true}]}}