{"id":5969,"date":"2019-03-22T18:45:54","date_gmt":"2019-03-22T17:45:54","guid":{"rendered":"https:\/\/www.mouthiers-sur-boeme.fr\/?p=5969"},"modified":"2019-04-12T19:49:03","modified_gmt":"2019-04-12T18:49:03","slug":"mars-en-braconne-du-20-au-31-mars","status":"publish","type":"post","link":"https:\/\/www.mouthiers-sur-boeme.fr\/?p=5969","title":{"rendered":"Mars en Braconne du 20 au 31 mars"},"content":{"rendered":"<p>Th\u00e9\u00e2tre, concerts, conte, expositions, humour et arts plastiques vous accompagneront \u00e0 Asni\u00e8res-sur-Nou\u00e8re, Balzac, Brie, Champniers, Gond-Pontouvre, Jauldes,\u00a0 Marsac et Vindelle.<\/p>\n<p>Renseignements : http:\/\/www.marsenbraconne.fr\/<\/p>\n<p><a href=\"https:\/\/www.mouthiers-sur-boeme.fr\/wp-content\/uploads\/2019\/03\/1901-affiche-MEB-2.jpg\"><img loading=\"lazy\" class=\"aligncenter size-medium wp-image-6000\" src=\"https:\/\/www.mouthiers-sur-boeme.fr\/wp-content\/uploads\/2019\/03\/1901-affiche-MEB-2-212x300.jpg\" alt=\"\" width=\"212\" height=\"300\" srcset=\"https:\/\/www.mouthiers-sur-boeme.fr\/wp-content\/uploads\/2019\/03\/1901-affiche-MEB-2-212x300.jpg 212w, https:\/\/www.mouthiers-sur-boeme.fr\/wp-content\/uploads\/2019\/03\/1901-affiche-MEB-2.jpg 300w\" sizes=\"(max-width: 212px) 100vw, 212px\" \/><\/a><\/p>\n","protected":false},"excerpt":{"rendered":"<p>Th\u00e9\u00e2tre, concerts, conte, expositions, humour et arts plastiques vous accompagneront \u00e0 Asni\u00e8res-sur-Nou\u00e8re, Balzac, Brie, Champniers, Gond-Pontouvre, Jauldes,\u00a0 Marsac et Vindelle. Renseignements : http:\/\/www.marsenbraconne.fr\/<\/p>\n","protected":false},"author":22,"featured_media":6000,"comment_status":"open","ping_status":"open","sticky":false,"template":"","format":"standard","meta":[],"categories":[12],"tags":[],"_links":{"self":[{"href":"https:\/\/www.mouthiers-sur-boeme.fr\/index.php?rest_route=\/wp\/v2\/posts\/5969"}],"collection":[{"href":"https:\/\/www.mouthiers-sur-boeme.fr\/index.php?rest_route=\/wp\/v2\/posts"}],"about":[{"href":"https:\/\/www.mouthiers-sur-boeme.fr\/index.php?rest_route=\/wp\/v2\/types\/post"}],"author":[{"embeddable":true,"href":"https:\/\/www.mouthiers-sur-boeme.fr\/index.php?rest_route=\/wp\/v2\/users\/22"}],"replies":[{"embeddable":true,"href":"https:\/\/www.mouthiers-sur-boeme.fr\/index.php?rest_route=%2Fwp%2Fv2%2Fcomments&post=5969"}],"version-history":[{"count":3,"href":"https:\/\/www.mouthiers-sur-boeme.fr\/index.php?rest_route=\/wp\/v2\/posts\/5969\/revisions"}],"predecessor-version":[{"id":6002,"href":"https:\/\/www.mouthiers-sur-boeme.fr\/index.php?rest_route=\/wp\/v2\/posts\/5969\/revisions\/6002"}],"wp:featuredmedia":[{"embeddable":true,"href":"https:\/\/www.mouthiers-sur-boeme.fr\/index.php?rest_route=\/wp\/v2\/media\/6000"}],"wp:attachment":[{"href":"https:\/\/www.mouthiers-sur-boeme.fr\/index.php?rest_route=%2Fwp%2Fv2%2Fmedia&parent=5969"}],"wp:term":[{"taxonomy":"category","embeddable":true,"href":"https:\/\/www.mouthiers-sur-boeme.fr\/index.php?rest_route=%2Fwp%2Fv2%2Fcategories&post=5969"},{"taxonomy":"post_tag","embeddable":true,"href":"https:\/\/www.mouthiers-sur-boeme.fr\/index.php?rest_route=%2Fwp%2Fv2%2Ftags&post=5969"}],"curies":[{"name":"wp","href":"https:\/\/api.w.org\/{rel}","templated":true}]}}