{"id":5973,"date":"2019-03-14T14:25:57","date_gmt":"2019-03-14T13:25:57","guid":{"rendered":"https:\/\/www.mouthiers-sur-boeme.fr\/?p=5973"},"modified":"2019-03-22T18:27:21","modified_gmt":"2019-03-22T17:27:21","slug":"cafe-citoyen-vendredi-15-mars-18h","status":"publish","type":"post","link":"https:\/\/www.mouthiers-sur-boeme.fr\/?p=5973","title":{"rendered":"Caf\u00e9 citoyen &#8211; vendredi 15 mars 18h"},"content":{"rendered":"<p>Rendez-vous au caf\u00e9 de la Bo\u00ebme pour parler de la vie des abeilles et de l&rsquo;apiculture. Animation par Jean-Paul Charron et Paul Fremond CETA-TCSO (Centre d&rsquo;Etudes Techniques Apicole des Terroirs de Charente et du Sud-Ouest).<\/p>\n<p>Entr\u00e9e gratuite.<a href=\"https:\/\/www.mouthiers-sur-boeme.fr\/wp-content\/uploads\/2019\/03\/Caf\u00e9-citoyen-Apiculture.jpg\"><img loading=\"lazy\" class=\"aligncenter size-medium wp-image-5991\" src=\"https:\/\/www.mouthiers-sur-boeme.fr\/wp-content\/uploads\/2019\/03\/Caf\u00e9-citoyen-Apiculture-212x300.jpg\" alt=\"\" width=\"212\" height=\"300\" srcset=\"https:\/\/www.mouthiers-sur-boeme.fr\/wp-content\/uploads\/2019\/03\/Caf\u00e9-citoyen-Apiculture-212x300.jpg 212w, https:\/\/www.mouthiers-sur-boeme.fr\/wp-content\/uploads\/2019\/03\/Caf\u00e9-citoyen-Apiculture-768x1086.jpg 768w, https:\/\/www.mouthiers-sur-boeme.fr\/wp-content\/uploads\/2019\/03\/Caf\u00e9-citoyen-Apiculture-724x1024.jpg 724w\" sizes=\"(max-width: 212px) 100vw, 212px\" \/><\/a><\/p>\n","protected":false},"excerpt":{"rendered":"<p>Rendez-vous au caf\u00e9 de la Bo\u00ebme pour parler de la vie des abeilles et de l&rsquo;apiculture. Animation par Jean-Paul Charron et Paul Fremond CETA-TCSO (Centre d&rsquo;Etudes Techniques Apicole des Terroirs de Charente et du Sud-Ouest). Entr\u00e9e gratuite.<\/p>\n","protected":false},"author":22,"featured_media":5991,"comment_status":"open","ping_status":"open","sticky":false,"template":"","format":"standard","meta":[],"categories":[4,15],"tags":[],"_links":{"self":[{"href":"https:\/\/www.mouthiers-sur-boeme.fr\/index.php?rest_route=\/wp\/v2\/posts\/5973"}],"collection":[{"href":"https:\/\/www.mouthiers-sur-boeme.fr\/index.php?rest_route=\/wp\/v2\/posts"}],"about":[{"href":"https:\/\/www.mouthiers-sur-boeme.fr\/index.php?rest_route=\/wp\/v2\/types\/post"}],"author":[{"embeddable":true,"href":"https:\/\/www.mouthiers-sur-boeme.fr\/index.php?rest_route=\/wp\/v2\/users\/22"}],"replies":[{"embeddable":true,"href":"https:\/\/www.mouthiers-sur-boeme.fr\/index.php?rest_route=%2Fwp%2Fv2%2Fcomments&post=5973"}],"version-history":[{"count":3,"href":"https:\/\/www.mouthiers-sur-boeme.fr\/index.php?rest_route=\/wp\/v2\/posts\/5973\/revisions"}],"predecessor-version":[{"id":5992,"href":"https:\/\/www.mouthiers-sur-boeme.fr\/index.php?rest_route=\/wp\/v2\/posts\/5973\/revisions\/5992"}],"wp:featuredmedia":[{"embeddable":true,"href":"https:\/\/www.mouthiers-sur-boeme.fr\/index.php?rest_route=\/wp\/v2\/media\/5991"}],"wp:attachment":[{"href":"https:\/\/www.mouthiers-sur-boeme.fr\/index.php?rest_route=%2Fwp%2Fv2%2Fmedia&parent=5973"}],"wp:term":[{"taxonomy":"category","embeddable":true,"href":"https:\/\/www.mouthiers-sur-boeme.fr\/index.php?rest_route=%2Fwp%2Fv2%2Fcategories&post=5973"},{"taxonomy":"post_tag","embeddable":true,"href":"https:\/\/www.mouthiers-sur-boeme.fr\/index.php?rest_route=%2Fwp%2Fv2%2Ftags&post=5973"}],"curies":[{"name":"wp","href":"https:\/\/api.w.org\/{rel}","templated":true}]}}