{"id":6028,"date":"2019-04-05T23:10:44","date_gmt":"2019-04-05T22:10:44","guid":{"rendered":"https:\/\/www.mouthiers-sur-boeme.fr\/?p=6028"},"modified":"2019-04-12T23:11:06","modified_gmt":"2019-04-12T22:11:06","slug":"avril-a-la-mediatheque-et-lalpha","status":"publish","type":"post","link":"https:\/\/www.mouthiers-sur-boeme.fr\/?p=6028","title":{"rendered":"Avril \u00e0 la m\u00e9diath\u00e8que et L&rsquo;Alpha"},"content":{"rendered":"<p>La belle saison d&rsquo;Alfred \/ Rendez-vous \u00e0 l&rsquo;Alpha mardi 09 avril 18 h avec Jean Teul\u00e9<\/p>\n<p>Mercredi 10 avril \u00e0 partir de 15 heures : apr\u00e8s-midi jeux de soci\u00e9t\u00e9s sur les fake news<\/p>\n<p>Mercredi 17 avril : pour les enfants de 4 \u00e0 7 ans &#8211; les contes du Poulailler &#8211; A la m\u00e9diath\u00e8que de Mouthiers.<\/p>\n","protected":false},"excerpt":{"rendered":"<p>La belle saison d&rsquo;Alfred \/ Rendez-vous \u00e0 l&rsquo;Alpha mardi 09 avril 18 h avec Jean Teul\u00e9 Mercredi 10 avril \u00e0 partir de 15 heures : apr\u00e8s-midi jeux de soci\u00e9t\u00e9s sur les fake news Mercredi 17 avril : pour les enfants de 4 \u00e0 7 ans &#8211; les contes du Poulailler &#8211; A la m\u00e9diath\u00e8que de &hellip; <a href=\"https:\/\/www.mouthiers-sur-boeme.fr\/?p=6028\" class=\"more-link\">Continuer la lecture de <span class=\"screen-reader-text\">Avril \u00e0 la m\u00e9diath\u00e8que et L&rsquo;Alpha<\/span>  <span class=\"meta-nav\">&rarr;<\/span><\/a><\/p>\n","protected":false},"author":22,"featured_media":0,"comment_status":"open","ping_status":"open","sticky":false,"template":"","format":"standard","meta":[],"categories":[20],"tags":[],"_links":{"self":[{"href":"https:\/\/www.mouthiers-sur-boeme.fr\/index.php?rest_route=\/wp\/v2\/posts\/6028"}],"collection":[{"href":"https:\/\/www.mouthiers-sur-boeme.fr\/index.php?rest_route=\/wp\/v2\/posts"}],"about":[{"href":"https:\/\/www.mouthiers-sur-boeme.fr\/index.php?rest_route=\/wp\/v2\/types\/post"}],"author":[{"embeddable":true,"href":"https:\/\/www.mouthiers-sur-boeme.fr\/index.php?rest_route=\/wp\/v2\/users\/22"}],"replies":[{"embeddable":true,"href":"https:\/\/www.mouthiers-sur-boeme.fr\/index.php?rest_route=%2Fwp%2Fv2%2Fcomments&post=6028"}],"version-history":[{"count":1,"href":"https:\/\/www.mouthiers-sur-boeme.fr\/index.php?rest_route=\/wp\/v2\/posts\/6028\/revisions"}],"predecessor-version":[{"id":6029,"href":"https:\/\/www.mouthiers-sur-boeme.fr\/index.php?rest_route=\/wp\/v2\/posts\/6028\/revisions\/6029"}],"wp:attachment":[{"href":"https:\/\/www.mouthiers-sur-boeme.fr\/index.php?rest_route=%2Fwp%2Fv2%2Fmedia&parent=6028"}],"wp:term":[{"taxonomy":"category","embeddable":true,"href":"https:\/\/www.mouthiers-sur-boeme.fr\/index.php?rest_route=%2Fwp%2Fv2%2Fcategories&post=6028"},{"taxonomy":"post_tag","embeddable":true,"href":"https:\/\/www.mouthiers-sur-boeme.fr\/index.php?rest_route=%2Fwp%2Fv2%2Ftags&post=6028"}],"curies":[{"name":"wp","href":"https:\/\/api.w.org\/{rel}","templated":true}]}}