{"id":6079,"date":"2019-05-09T09:01:35","date_gmt":"2019-05-09T08:01:35","guid":{"rendered":"https:\/\/www.mouthiers-sur-boeme.fr\/?p=6079"},"modified":"2019-06-23T17:27:20","modified_gmt":"2019-06-23T16:27:20","slug":"damien-veut-changer-le-monde-20h30","status":"publish","type":"post","link":"https:\/\/www.mouthiers-sur-boeme.fr\/?p=6079","title":{"rendered":"Damien veut changer le monde le 20 juin \u00e0 20h30"},"content":{"rendered":"<h2 class=\"fiche--synopsis desktop-only\">Synopsis<\/h2>\n<div class=\"fiche--wysiwyg wysiwyg\">\n<p>Damien et sa s\u0153ur M\u00e9lanie ont v\u00e9cu une enfance heureuse, berc\u00e9e par les engagements militants de leurs parents. Lorsque leur m\u00e8re disparait brutalement, la fibre militante de cette famille s&rsquo;\u00e9teint. Vingt ans plus tard, Damien, est devenu pion dans une \u00e9cole primaire, et m\u00e8ne une vie tranquille. Pour sauver l&rsquo;un de ses jeunes \u00e9l\u00e8ves Bahzad, et sa m\u00e8re, d&rsquo;une expulsion de territoire imminente, Damien renoue avec son pass\u00e9 et convainc M\u00e9lanie, devenue redoutable avocate d\u2019affaires, son meilleur ami Rudy et une bande de potes improbables de l&rsquo;accompagner dans son nouveau combat. Ensemble, ils vont enfreindre la loi par solidarit\u00e9. Et tr\u00e8s vite se faire compl\u00e8tement d\u00e9passer&#8230;<\/p>\n<figure id=\"attachment_6080\" aria-describedby=\"caption-attachment-6080\" style=\"width: 225px\" class=\"wp-caption alignnone\"><img loading=\"lazy\" class=\"size-medium wp-image-6080\" src=\"https:\/\/www.mouthiers-sur-boeme.fr\/wp-content\/uploads\/2019\/05\/DAMIEN-veut-changer-le-monde-225x300.jpg\" alt=\"\" width=\"225\" height=\"300\" srcset=\"https:\/\/www.mouthiers-sur-boeme.fr\/wp-content\/uploads\/2019\/05\/DAMIEN-veut-changer-le-monde-225x300.jpg 225w, https:\/\/www.mouthiers-sur-boeme.fr\/wp-content\/uploads\/2019\/05\/DAMIEN-veut-changer-le-monde.jpg 600w\" sizes=\"(max-width: 225px) 100vw, 225px\" \/><figcaption id=\"caption-attachment-6080\" class=\"wp-caption-text\">Damien veut changer le monde, affiche<\/figcaption><\/figure>\n<\/div>\n","protected":false},"excerpt":{"rendered":"<p>Synopsis Damien et sa s\u0153ur M\u00e9lanie ont v\u00e9cu une enfance heureuse, berc\u00e9e par les engagements militants de leurs parents. Lorsque leur m\u00e8re disparait brutalement, la fibre militante de cette famille s&rsquo;\u00e9teint. Vingt ans plus tard, Damien, est devenu pion dans une \u00e9cole primaire, et m\u00e8ne une vie tranquille. Pour sauver l&rsquo;un de ses jeunes \u00e9l\u00e8ves &hellip; <a href=\"https:\/\/www.mouthiers-sur-boeme.fr\/?p=6079\" class=\"more-link\">Continuer la lecture de <span class=\"screen-reader-text\">Damien veut changer le monde le 20 juin \u00e0 20h30<\/span>  <span class=\"meta-nav\">&rarr;<\/span><\/a><\/p>\n","protected":false},"author":22,"featured_media":6081,"comment_status":"open","ping_status":"open","sticky":false,"template":"","format":"standard","meta":[],"categories":[65,71],"tags":[],"_links":{"self":[{"href":"https:\/\/www.mouthiers-sur-boeme.fr\/index.php?rest_route=\/wp\/v2\/posts\/6079"}],"collection":[{"href":"https:\/\/www.mouthiers-sur-boeme.fr\/index.php?rest_route=\/wp\/v2\/posts"}],"about":[{"href":"https:\/\/www.mouthiers-sur-boeme.fr\/index.php?rest_route=\/wp\/v2\/types\/post"}],"author":[{"embeddable":true,"href":"https:\/\/www.mouthiers-sur-boeme.fr\/index.php?rest_route=\/wp\/v2\/users\/22"}],"replies":[{"embeddable":true,"href":"https:\/\/www.mouthiers-sur-boeme.fr\/index.php?rest_route=%2Fwp%2Fv2%2Fcomments&post=6079"}],"version-history":[{"count":2,"href":"https:\/\/www.mouthiers-sur-boeme.fr\/index.php?rest_route=\/wp\/v2\/posts\/6079\/revisions"}],"predecessor-version":[{"id":6083,"href":"https:\/\/www.mouthiers-sur-boeme.fr\/index.php?rest_route=\/wp\/v2\/posts\/6079\/revisions\/6083"}],"wp:featuredmedia":[{"embeddable":true,"href":"https:\/\/www.mouthiers-sur-boeme.fr\/index.php?rest_route=\/wp\/v2\/media\/6081"}],"wp:attachment":[{"href":"https:\/\/www.mouthiers-sur-boeme.fr\/index.php?rest_route=%2Fwp%2Fv2%2Fmedia&parent=6079"}],"wp:term":[{"taxonomy":"category","embeddable":true,"href":"https:\/\/www.mouthiers-sur-boeme.fr\/index.php?rest_route=%2Fwp%2Fv2%2Fcategories&post=6079"},{"taxonomy":"post_tag","embeddable":true,"href":"https:\/\/www.mouthiers-sur-boeme.fr\/index.php?rest_route=%2Fwp%2Fv2%2Ftags&post=6079"}],"curies":[{"name":"wp","href":"https:\/\/api.w.org\/{rel}","templated":true}]}}