{"id":6111,"date":"2019-06-16T09:07:56","date_gmt":"2019-06-16T08:07:56","guid":{"rendered":"https:\/\/www.mouthiers-sur-boeme.fr\/?p=6111"},"modified":"2019-08-02T17:47:39","modified_gmt":"2019-08-02T16:47:39","slug":"les-soirs-bleus-vendredi-26-juillet","status":"publish","type":"post","link":"https:\/\/www.mouthiers-sur-boeme.fr\/?p=6111","title":{"rendered":"Les Soirs Bleus vendredi 26 juillet"},"content":{"rendered":"<p>Rendez-vous \u00e0 20h45 Place du champ de foire. Cette ann\u00e9e, la Guinguette Buissonni\u00e8re donne carte blanche \u00e0 la Compagnie Les Grandes Personnes. Ils vous emm\u00e8neront \u00e0 travers Mouthiers&#8230;.<\/p>\n<p><img loading=\"lazy\" class=\"alignnone size-medium wp-image-6115\" src=\"https:\/\/www.mouthiers-sur-boeme.fr\/wp-content\/uploads\/2019\/06\/Soirs-bleus-les-grandes-personnes-300x203.jpeg\" alt=\"\" width=\"300\" height=\"203\" srcset=\"https:\/\/www.mouthiers-sur-boeme.fr\/wp-content\/uploads\/2019\/06\/Soirs-bleus-les-grandes-personnes-300x203.jpeg 300w, https:\/\/www.mouthiers-sur-boeme.fr\/wp-content\/uploads\/2019\/06\/Soirs-bleus-les-grandes-personnes-768x519.jpeg 768w, https:\/\/www.mouthiers-sur-boeme.fr\/wp-content\/uploads\/2019\/06\/Soirs-bleus-les-grandes-personnes.jpeg 803w\" sizes=\"(max-width: 300px) 100vw, 300px\" \/><\/p>\n<p>Restauration (Food Truck) et Buvette sur place.<\/p>\n<p>Dans le cadre des Soleils de l&rsquo;\u00e9t\u00e9, randonn\u00e9e gourmande \u00e0 18h d\u00e9part de l&rsquo;\u00e9glise de Mouthiers. R\u00e9servation obligatoire avant le 17 juillet apr\u00e8s d&rsquo;Effervescentre : 05 45 67 84 38 ou contact@effervescentre.fr &#8211;\u00a0\u00a0\u00a0\u00a0\u00a0\u00a0\u00a0\u00a0\u00a0\u00a0\u00a0\u00a0\u00a0\u00a0\u00a0\u00a0\u00a0\u00a0\u00a0\u00a0\u00a0\u00a0\u00a0 5 euros\/gratuit pour les &#8211; de 12 ans<\/p>\n","protected":false},"excerpt":{"rendered":"<p>Rendez-vous \u00e0 20h45 Place du champ de foire. Cette ann\u00e9e, la Guinguette Buissonni\u00e8re donne carte blanche \u00e0 la Compagnie Les Grandes Personnes. Ils vous emm\u00e8neront \u00e0 travers Mouthiers&#8230;. Restauration (Food Truck) et Buvette sur place. Dans le cadre des Soleils de l&rsquo;\u00e9t\u00e9, randonn\u00e9e gourmande \u00e0 18h d\u00e9part de l&rsquo;\u00e9glise de Mouthiers. R\u00e9servation obligatoire avant le &hellip; <a href=\"https:\/\/www.mouthiers-sur-boeme.fr\/?p=6111\" class=\"more-link\">Continuer la lecture de <span class=\"screen-reader-text\">Les Soirs Bleus vendredi 26 juillet<\/span>  <span class=\"meta-nav\">&rarr;<\/span><\/a><\/p>\n","protected":false},"author":22,"featured_media":6144,"comment_status":"open","ping_status":"open","sticky":false,"template":"","format":"standard","meta":[],"categories":[18,12],"tags":[],"_links":{"self":[{"href":"https:\/\/www.mouthiers-sur-boeme.fr\/index.php?rest_route=\/wp\/v2\/posts\/6111"}],"collection":[{"href":"https:\/\/www.mouthiers-sur-boeme.fr\/index.php?rest_route=\/wp\/v2\/posts"}],"about":[{"href":"https:\/\/www.mouthiers-sur-boeme.fr\/index.php?rest_route=\/wp\/v2\/types\/post"}],"author":[{"embeddable":true,"href":"https:\/\/www.mouthiers-sur-boeme.fr\/index.php?rest_route=\/wp\/v2\/users\/22"}],"replies":[{"embeddable":true,"href":"https:\/\/www.mouthiers-sur-boeme.fr\/index.php?rest_route=%2Fwp%2Fv2%2Fcomments&post=6111"}],"version-history":[{"count":3,"href":"https:\/\/www.mouthiers-sur-boeme.fr\/index.php?rest_route=\/wp\/v2\/posts\/6111\/revisions"}],"predecessor-version":[{"id":6116,"href":"https:\/\/www.mouthiers-sur-boeme.fr\/index.php?rest_route=\/wp\/v2\/posts\/6111\/revisions\/6116"}],"wp:featuredmedia":[{"embeddable":true,"href":"https:\/\/www.mouthiers-sur-boeme.fr\/index.php?rest_route=\/wp\/v2\/media\/6144"}],"wp:attachment":[{"href":"https:\/\/www.mouthiers-sur-boeme.fr\/index.php?rest_route=%2Fwp%2Fv2%2Fmedia&parent=6111"}],"wp:term":[{"taxonomy":"category","embeddable":true,"href":"https:\/\/www.mouthiers-sur-boeme.fr\/index.php?rest_route=%2Fwp%2Fv2%2Fcategories&post=6111"},{"taxonomy":"post_tag","embeddable":true,"href":"https:\/\/www.mouthiers-sur-boeme.fr\/index.php?rest_route=%2Fwp%2Fv2%2Ftags&post=6111"}],"curies":[{"name":"wp","href":"https:\/\/api.w.org\/{rel}","templated":true}]}}