{"id":6124,"date":"2019-06-15T10:23:01","date_gmt":"2019-06-15T09:23:01","guid":{"rendered":"https:\/\/www.mouthiers-sur-boeme.fr\/?p=6124"},"modified":"2019-07-26T11:56:02","modified_gmt":"2019-07-26T10:56:02","slug":"festival-shamco","status":"publish","type":"post","link":"https:\/\/www.mouthiers-sur-boeme.fr\/?p=6124","title":{"rendered":"Festival sham&#038;co"},"content":{"rendered":"<p><img loading=\"lazy\" class=\"alignnone size-medium wp-image-6126\" src=\"https:\/\/www.mouthiers-sur-boeme.fr\/wp-content\/uploads\/2019\/06\/SHAMNCO19-213x300.png\" alt=\"\" width=\"213\" height=\"300\" srcset=\"https:\/\/www.mouthiers-sur-boeme.fr\/wp-content\/uploads\/2019\/06\/SHAMNCO19-213x300.png 213w, https:\/\/www.mouthiers-sur-boeme.fr\/wp-content\/uploads\/2019\/06\/SHAMNCO19-768x1083.png 768w, https:\/\/www.mouthiers-sur-boeme.fr\/wp-content\/uploads\/2019\/06\/SHAMNCO19-726x1024.png 726w, https:\/\/www.mouthiers-sur-boeme.fr\/wp-content\/uploads\/2019\/06\/SHAMNCO19.png 1418w\" sizes=\"(max-width: 213px) 100vw, 213px\" \/><\/p>\n<p><img class=\"\" src=\"https:\/\/mail.mouthiers-sur-boeme.fr\/service\/home\/~\/?auth=co&amp;loc=fr_FR&amp;id=23776&amp;part=1.2.2\" alt=\"\" \/><\/p>\n<p align=\"center\"><span style=\"font-family: Cabin, sans-serif;\"><span style=\"font-size: medium;\">Bonjour \u00e0 tous,<\/span><\/span><\/p>\n<p align=\"center\"><span style=\"font-family: Cabin, sans-serif;\"><span style=\"font-size: medium;\">Nous sommes les jeunes de l<b>&lsquo; Association Shamrock<\/b>. C&rsquo;est bient\u00f4t l&rsquo;anniversaire de Sham&amp;Co\u00a0: le festival des jeunes engag\u00e9s, 5 ANS d\u00e9j\u00e0. <\/span><\/span><\/p>\n<p align=\"center\"><span style=\"font-family: Cabin, sans-serif;\"><span style=\"font-size: medium;\">Il vise \u00e0 promouvoir et pr\u00e9server le tissu associatif jeunes.<\/span><\/span> <span style=\"font-family: Cabin, sans-serif;\"><span style=\"font-size: medium;\">Ce festival est pr\u00e9vu le <span id=\"OBJ_PREFIX_DWT89_com_zimbra_date\" class=\"Object\" role=\"link\">samedi<\/span> 6 juillet, \u00e0 Mouthiers -sur-Bo\u00ebme, <\/span><\/span><span style=\"font-family: Cabin, sans-serif;\"><span style=\"font-size: medium;\">derri\u00e8res l&rsquo;\u00e9glise. <\/span><\/span><\/p>\n<p align=\"center\"><span style=\"font-family: Cabin, sans-serif;\"><span style=\"font-size: medium;\">Nous vous proposons \u00e0 partir de 17 h, une apr\u00e8s-midi avec des jeux en bois anim\u00e9 par l&rsquo;ah toupie une ludoth\u00e8que ambulante, un atelier de graff avec Gnafu, un atelier de revendication, des expos, des activit\u00e9s avec la Nef&#8230;<br \/>\n<\/span><\/span><\/p>\n<p align=\"center\"><span style=\"font-family: Cabin, sans-serif;\"><span style=\"font-size: medium;\">Sans oublier les concerts, de musiciens locaux.<\/span><\/span><\/p>\n<p align=\"center\"><span style=\"font-family: Cabin, sans-serif;\"><span style=\"font-size: medium;\">Les enfants, parents, grands-parents, cousins, cousines m\u00eame \u00e9loign\u00e9es tonton et tata seront les bienvenus!!!<\/span><\/span><\/p>\n<p align=\"center\"><span style=\"font-family: Cabin, sans-serif;\"><span style=\"font-size: medium;\">Nous finirons notre invitation par cette petite phrase\u00a0:<\/span><\/span><\/p>\n<p align=\"center\"><span style=\"color: #000000;\"><span style=\"font-family: Cabin, sans-serif;\"><span style=\"font-size: medium;\"><b>\u00ab\u00a0Un projet, au m\u00eame titre qu&rsquo;une \u0153uvre d&rsquo;art ou qu&rsquo;un spectacle, appartient \u00e0 tous ceux qui y participent. <\/b><\/span><\/span><\/span><\/p>\n<p align=\"center\"><span style=\"color: #000000;\"><span style=\"font-family: Cabin, sans-serif;\"><span style=\"font-size: medium;\"><b>Il s&rsquo;enrichit du regard des autres et se nourrit de ce que chacun voudra bien y apporter. \u00bb<\/b><\/span><\/span><\/span><\/p>\n<div align=\"center\"><\/div>\n<p align=\"center\">A bient\u00f4t pour notre festival le 6 juillet!!!!<\/p>\n<p align=\"center\"><span style=\"font-family: Cabin, sans-serif;\"><span style=\"font-size: medium;\"><b>NB<\/b><\/span><\/span><span style=\"font-family: Cabin, sans-serif;\"><span style=\"font-size: medium;\">: Pour plus d&rsquo;informations, vous pouvez contacter notre accompagnatrice \u00e0 Effervescentre, Oc\u00e9ane RAMM.<\/span><\/span><\/p>\n<p align=\"center\"><span style=\"font-family: Cabin, sans-serif;\"><span style=\"font-size: medium;\">05\/45\/67\/84\/38<\/span><\/span><\/p>\n<p align=\"center\"><span style=\"font-family: Cabin, sans-serif;\"><span style=\"font-size: medium;\">07\/70\/14\/67\/53<\/span><\/span><\/p>\n<p align=\"center\"><span style=\"font-family: Cabin, sans-serif;\"><span style=\"font-size: medium;\"><span id=\"OBJ_PREFIX_DWT91_ZmEmailObjectHandler\" class=\"Object\" role=\"link\"><a class=\"moz-txt-link-abbreviated\" href=\"mailto:groupeshamrock@live.fr\" target=\"_blank\" rel=\"noopener\">groupeshamrock@live.fr<\/a><\/span><\/span><\/span><\/p>\n<p align=\"center\"><span style=\"font-family: Cabin, sans-serif;\"><span style=\"font-size: medium;\"><br \/>\n<\/span><\/span><span style=\"font-size: medium;\"><span style=\"font-family: Cabin, sans-serif;\">Bien musicalement,<\/span><\/span><\/p>\n<p align=\"center\"><span style=\"font-family: Cabin, sans-serif;\"><span style=\"font-size: medium;\">Les Shamrocks <\/span><\/span><\/p>\n","protected":false},"excerpt":{"rendered":"<p>Bonjour \u00e0 tous, Nous sommes les jeunes de l&lsquo; Association Shamrock. C&rsquo;est bient\u00f4t l&rsquo;anniversaire de Sham&amp;Co\u00a0: le festival des jeunes engag\u00e9s, 5 ANS d\u00e9j\u00e0. Il vise \u00e0 promouvoir et pr\u00e9server le tissu associatif jeunes. Ce festival est pr\u00e9vu le samedi 6 juillet, \u00e0 Mouthiers -sur-Bo\u00ebme, derri\u00e8res l&rsquo;\u00e9glise. Nous vous proposons \u00e0 partir de 17 h, &hellip; <a href=\"https:\/\/www.mouthiers-sur-boeme.fr\/?p=6124\" class=\"more-link\">Continuer la lecture de <span class=\"screen-reader-text\">Festival sham&#038;co<\/span>  <span class=\"meta-nav\">&rarr;<\/span><\/a><\/p>\n","protected":false},"author":22,"featured_media":6126,"comment_status":"open","ping_status":"open","sticky":false,"template":"","format":"standard","meta":[],"categories":[19,74],"tags":[],"_links":{"self":[{"href":"https:\/\/www.mouthiers-sur-boeme.fr\/index.php?rest_route=\/wp\/v2\/posts\/6124"}],"collection":[{"href":"https:\/\/www.mouthiers-sur-boeme.fr\/index.php?rest_route=\/wp\/v2\/posts"}],"about":[{"href":"https:\/\/www.mouthiers-sur-boeme.fr\/index.php?rest_route=\/wp\/v2\/types\/post"}],"author":[{"embeddable":true,"href":"https:\/\/www.mouthiers-sur-boeme.fr\/index.php?rest_route=\/wp\/v2\/users\/22"}],"replies":[{"embeddable":true,"href":"https:\/\/www.mouthiers-sur-boeme.fr\/index.php?rest_route=%2Fwp%2Fv2%2Fcomments&post=6124"}],"version-history":[{"count":4,"href":"https:\/\/www.mouthiers-sur-boeme.fr\/index.php?rest_route=\/wp\/v2\/posts\/6124\/revisions"}],"predecessor-version":[{"id":6186,"href":"https:\/\/www.mouthiers-sur-boeme.fr\/index.php?rest_route=\/wp\/v2\/posts\/6124\/revisions\/6186"}],"wp:featuredmedia":[{"embeddable":true,"href":"https:\/\/www.mouthiers-sur-boeme.fr\/index.php?rest_route=\/wp\/v2\/media\/6126"}],"wp:attachment":[{"href":"https:\/\/www.mouthiers-sur-boeme.fr\/index.php?rest_route=%2Fwp%2Fv2%2Fmedia&parent=6124"}],"wp:term":[{"taxonomy":"category","embeddable":true,"href":"https:\/\/www.mouthiers-sur-boeme.fr\/index.php?rest_route=%2Fwp%2Fv2%2Fcategories&post=6124"},{"taxonomy":"post_tag","embeddable":true,"href":"https:\/\/www.mouthiers-sur-boeme.fr\/index.php?rest_route=%2Fwp%2Fv2%2Ftags&post=6124"}],"curies":[{"name":"wp","href":"https:\/\/api.w.org\/{rel}","templated":true}]}}