{"id":6162,"date":"2019-06-25T17:23:37","date_gmt":"2019-06-25T16:23:37","guid":{"rendered":"https:\/\/www.mouthiers-sur-boeme.fr\/?p=6162"},"modified":"2019-07-26T11:57:18","modified_gmt":"2019-07-26T10:57:18","slug":"jeudi-3-juillet-ma-maison-avenir","status":"publish","type":"post","link":"https:\/\/www.mouthiers-sur-boeme.fr\/?p=6162","title":{"rendered":"Mercredi 3 juillet &#8211; Ma Maison A&rsquo;Venir"},"content":{"rendered":"<p><a href=\"https:\/\/www.mouthiers-sur-boeme.fr\/wp-content\/uploads\/2019\/07\/Ma-Maison-AVenir-MOUTHIERS.jpg\"><img loading=\"lazy\" class=\"aligncenter size-medium wp-image-6164\" src=\"https:\/\/www.mouthiers-sur-boeme.fr\/wp-content\/uploads\/2019\/07\/Ma-Maison-AVenir-MOUTHIERS-212x300.jpg\" alt=\"\" width=\"212\" height=\"300\" srcset=\"https:\/\/www.mouthiers-sur-boeme.fr\/wp-content\/uploads\/2019\/07\/Ma-Maison-AVenir-MOUTHIERS-212x300.jpg 212w, https:\/\/www.mouthiers-sur-boeme.fr\/wp-content\/uploads\/2019\/07\/Ma-Maison-AVenir-MOUTHIERS-768x1086.jpg 768w, https:\/\/www.mouthiers-sur-boeme.fr\/wp-content\/uploads\/2019\/07\/Ma-Maison-AVenir-MOUTHIERS-724x1024.jpg 724w, https:\/\/www.mouthiers-sur-boeme.fr\/wp-content\/uploads\/2019\/07\/Ma-Maison-AVenir-MOUTHIERS.jpg 1654w\" sizes=\"(max-width: 212px) 100vw, 212px\" \/><\/a>Les chiffres sont bien r\u00e9els, pr\u00e8s d\u2019une personne \u00e2g\u00e9e sur trois est victime d\u2019une chute \u00e0 son domicile et notre commune n\u2019\u00e9chappe pas \u00e0 la r\u00e8gle ! Le soutien \u00e0 domicile des personnes est pour nous un v\u00e9ritable enjeu, c\u2019est pourquoi nous allons mener une campagne de sensibilisation en faisant intervenir les professionnels de ReSant\u00e9-Vous.<br \/>\nUn ergoth\u00e9rapeute et un charg\u00e9 de pr\u00e9vention seront pr\u00e9sents pour vous pr\u00e9senter la multitude de dispositifs qui existent aujourd\u2019hui afin de vous aider au quotidien, dans votre maison. Vous pourrez y d\u00e9couvrir des \u00abtrucs et astuces\u00bb pour la vie de tous les jours et essayer des petits objets pratiques tels qu\u2019un ouvre-bocal \u00e9lectronique, un t\u00e9l\u00e9phone et une tablette adapt\u00e9s ou encore un enfile-bas et un rehausseur de prises.<br \/>\nCette \u00abanimation\u00bb est enti\u00e8rement gratuite. Nous vous invitons donc \u00e0 venir nombreux, que vous soyez \u00ab\u00e2g\u00e9\u00bb ou non, particulier, aidant proche ou professionnel, nous vous invitons \u00e0 participer \u00e0 cette animation gratuite. Pour tous renseignements, n\u2019h\u00e9sitez pas \u00e0 contacter la mairie aux horaires habituels d\u2019ouverture. Si vous ne pouvez pas \u00eatre pr\u00e9sent, et avez des questions sur l\u2019am\u00e9nagement de votre logement, vous pouvez toujours contacter ReSant\u00e9-Vous au 05 49 52 24 17. Retrouvez toutes les dates mais aussi des photos et vid\u00e9os de Ma Maison A\u2019Venir sur : www.mamaisonavenir.fr<\/p>\n","protected":false},"excerpt":{"rendered":"<p>Les chiffres sont bien r\u00e9els, pr\u00e8s d\u2019une personne \u00e2g\u00e9e sur trois est victime d\u2019une chute \u00e0 son domicile et notre commune n\u2019\u00e9chappe pas \u00e0 la r\u00e8gle ! Le soutien \u00e0 domicile des personnes est pour nous un v\u00e9ritable enjeu, c\u2019est pourquoi nous allons mener une campagne de sensibilisation en faisant intervenir les professionnels de ReSant\u00e9-Vous. &hellip; <a href=\"https:\/\/www.mouthiers-sur-boeme.fr\/?p=6162\" class=\"more-link\">Continuer la lecture de <span class=\"screen-reader-text\">Mercredi 3 juillet &#8211; Ma Maison A&rsquo;Venir<\/span>  <span class=\"meta-nav\">&rarr;<\/span><\/a><\/p>\n","protected":false},"author":22,"featured_media":6163,"comment_status":"open","ping_status":"open","sticky":false,"template":"","format":"standard","meta":[],"categories":[15],"tags":[],"_links":{"self":[{"href":"https:\/\/www.mouthiers-sur-boeme.fr\/index.php?rest_route=\/wp\/v2\/posts\/6162"}],"collection":[{"href":"https:\/\/www.mouthiers-sur-boeme.fr\/index.php?rest_route=\/wp\/v2\/posts"}],"about":[{"href":"https:\/\/www.mouthiers-sur-boeme.fr\/index.php?rest_route=\/wp\/v2\/types\/post"}],"author":[{"embeddable":true,"href":"https:\/\/www.mouthiers-sur-boeme.fr\/index.php?rest_route=\/wp\/v2\/users\/22"}],"replies":[{"embeddable":true,"href":"https:\/\/www.mouthiers-sur-boeme.fr\/index.php?rest_route=%2Fwp%2Fv2%2Fcomments&post=6162"}],"version-history":[{"count":3,"href":"https:\/\/www.mouthiers-sur-boeme.fr\/index.php?rest_route=\/wp\/v2\/posts\/6162\/revisions"}],"predecessor-version":[{"id":6168,"href":"https:\/\/www.mouthiers-sur-boeme.fr\/index.php?rest_route=\/wp\/v2\/posts\/6162\/revisions\/6168"}],"wp:featuredmedia":[{"embeddable":true,"href":"https:\/\/www.mouthiers-sur-boeme.fr\/index.php?rest_route=\/wp\/v2\/media\/6163"}],"wp:attachment":[{"href":"https:\/\/www.mouthiers-sur-boeme.fr\/index.php?rest_route=%2Fwp%2Fv2%2Fmedia&parent=6162"}],"wp:term":[{"taxonomy":"category","embeddable":true,"href":"https:\/\/www.mouthiers-sur-boeme.fr\/index.php?rest_route=%2Fwp%2Fv2%2Fcategories&post=6162"},{"taxonomy":"post_tag","embeddable":true,"href":"https:\/\/www.mouthiers-sur-boeme.fr\/index.php?rest_route=%2Fwp%2Fv2%2Ftags&post=6162"}],"curies":[{"name":"wp","href":"https:\/\/api.w.org\/{rel}","templated":true}]}}