{"id":6177,"date":"2019-07-26T11:56:48","date_gmt":"2019-07-26T10:56:48","guid":{"rendered":"https:\/\/www.mouthiers-sur-boeme.fr\/?p=6177"},"modified":"2019-08-02T17:47:12","modified_gmt":"2019-08-02T16:47:12","slug":"repli-soirs-bleus-vendredi-26-juillet-2019-20h45-salle-gilles-ploquin","status":"publish","type":"post","link":"https:\/\/www.mouthiers-sur-boeme.fr\/?p=6177","title":{"rendered":"REPLI SOIRS BLEUS &#8211; Vendredi 26 juillet 2019 &#8211; 20h45 (Salle Gilles PLOQUIN)"},"content":{"rendered":"<p>Bonjour \u00e0 toutes et tous<\/p>\n<p><strong>En raison d&rsquo;une m\u00e9t\u00e9o plut\u00f4t\u00a0 changeante (mauvais temps), le spectacle de ce soir dans le cadre des Soirs Bleus \u00ab\u00a0les Grandes Personnes\u00a0\u00bb la Guinguette buissonni\u00e8re aura lieu SALLE GILLES PLOQUIN &#8211; face au groupe scolaire. Une signal\u00e9tique vous indiquera le chemin.<\/strong><\/p>\n<p><strong>Venez nombreux et tr\u00e8s bonne soir\u00e9e<a href=\"https:\/\/www.mouthiers-sur-boeme.fr\/wp-content\/uploads\/2019\/06\/1905-affiche-Soirs-bleus-rogn\u00e9e.jpg\"><img loading=\"lazy\" class=\"aligncenter size-medium wp-image-6144\" src=\"https:\/\/www.mouthiers-sur-boeme.fr\/wp-content\/uploads\/2019\/06\/1905-affiche-Soirs-bleus-rogn\u00e9e-297x300.jpg\" alt=\"\" width=\"297\" height=\"300\" srcset=\"https:\/\/www.mouthiers-sur-boeme.fr\/wp-content\/uploads\/2019\/06\/1905-affiche-Soirs-bleus-rogn\u00e9e-297x300.jpg 297w, https:\/\/www.mouthiers-sur-boeme.fr\/wp-content\/uploads\/2019\/06\/1905-affiche-Soirs-bleus-rogn\u00e9e-768x775.jpg 768w, https:\/\/www.mouthiers-sur-boeme.fr\/wp-content\/uploads\/2019\/06\/1905-affiche-Soirs-bleus-rogn\u00e9e.jpg 803w\" sizes=\"(max-width: 297px) 100vw, 297px\" \/><\/a><\/strong><\/p>\n","protected":false},"excerpt":{"rendered":"<p>Bonjour \u00e0 toutes et tous En raison d&rsquo;une m\u00e9t\u00e9o plut\u00f4t\u00a0 changeante (mauvais temps), le spectacle de ce soir dans le cadre des Soirs Bleus \u00ab\u00a0les Grandes Personnes\u00a0\u00bb la Guinguette buissonni\u00e8re aura lieu SALLE GILLES PLOQUIN &#8211; face au groupe scolaire. Une signal\u00e9tique vous indiquera le chemin. Venez nombreux et tr\u00e8s bonne soir\u00e9e<\/p>\n","protected":false},"author":22,"featured_media":6183,"comment_status":"open","ping_status":"open","sticky":false,"template":"","format":"standard","meta":[],"categories":[1],"tags":[],"_links":{"self":[{"href":"https:\/\/www.mouthiers-sur-boeme.fr\/index.php?rest_route=\/wp\/v2\/posts\/6177"}],"collection":[{"href":"https:\/\/www.mouthiers-sur-boeme.fr\/index.php?rest_route=\/wp\/v2\/posts"}],"about":[{"href":"https:\/\/www.mouthiers-sur-boeme.fr\/index.php?rest_route=\/wp\/v2\/types\/post"}],"author":[{"embeddable":true,"href":"https:\/\/www.mouthiers-sur-boeme.fr\/index.php?rest_route=\/wp\/v2\/users\/22"}],"replies":[{"embeddable":true,"href":"https:\/\/www.mouthiers-sur-boeme.fr\/index.php?rest_route=%2Fwp%2Fv2%2Fcomments&post=6177"}],"version-history":[{"count":4,"href":"https:\/\/www.mouthiers-sur-boeme.fr\/index.php?rest_route=\/wp\/v2\/posts\/6177\/revisions"}],"predecessor-version":[{"id":6184,"href":"https:\/\/www.mouthiers-sur-boeme.fr\/index.php?rest_route=\/wp\/v2\/posts\/6177\/revisions\/6184"}],"wp:featuredmedia":[{"embeddable":true,"href":"https:\/\/www.mouthiers-sur-boeme.fr\/index.php?rest_route=\/wp\/v2\/media\/6183"}],"wp:attachment":[{"href":"https:\/\/www.mouthiers-sur-boeme.fr\/index.php?rest_route=%2Fwp%2Fv2%2Fmedia&parent=6177"}],"wp:term":[{"taxonomy":"category","embeddable":true,"href":"https:\/\/www.mouthiers-sur-boeme.fr\/index.php?rest_route=%2Fwp%2Fv2%2Fcategories&post=6177"},{"taxonomy":"post_tag","embeddable":true,"href":"https:\/\/www.mouthiers-sur-boeme.fr\/index.php?rest_route=%2Fwp%2Fv2%2Ftags&post=6177"}],"curies":[{"name":"wp","href":"https:\/\/api.w.org\/{rel}","templated":true}]}}