{"id":6188,"date":"2019-08-02T17:42:11","date_gmt":"2019-08-02T16:42:11","guid":{"rendered":"https:\/\/www.mouthiers-sur-boeme.fr\/?p=6188"},"modified":"2019-09-14T10:00:14","modified_gmt":"2019-09-14T09:00:14","slug":"forum-des-associations","status":"publish","type":"post","link":"https:\/\/www.mouthiers-sur-boeme.fr\/?p=6188","title":{"rendered":"FORUM DES ASSOCIATIONS"},"content":{"rendered":"<p>Venez d\u00e9couvrir les activit\u00e9s que proposent les associations de la commune lors du <strong>3\u00e8me forum des associations<\/strong><\/p>\n<p>Le samedi 7 septembre \u00e0 la salle Gilles Ploquin<br \/>\nde 9h30 \u00e0 13h00.<\/p>\n<p><a href=\"https:\/\/www.mouthiers-sur-boeme.fr\/wp-content\/uploads\/2019\/08\/G4-Affiche-Forum-des-Associations.png\"><img loading=\"lazy\" class=\"aligncenter size-medium wp-image-6189\" src=\"https:\/\/www.mouthiers-sur-boeme.fr\/wp-content\/uploads\/2019\/08\/G4-Affiche-Forum-des-Associations-212x300.png\" alt=\"\" width=\"212\" height=\"300\" \/><\/a><\/p>\n<p>&nbsp;<\/p>\n<p>&nbsp;<\/p>\n","protected":false},"excerpt":{"rendered":"<p>Venez d\u00e9couvrir les activit\u00e9s que proposent les associations de la commune lors du 3\u00e8me forum des associations Le samedi 7 septembre \u00e0 la salle Gilles Ploquin de 9h30 \u00e0 13h00. &nbsp; &nbsp;<\/p>\n","protected":false},"author":22,"featured_media":6191,"comment_status":"open","ping_status":"open","sticky":false,"template":"","format":"standard","meta":[],"categories":[19,7,12],"tags":[],"_links":{"self":[{"href":"https:\/\/www.mouthiers-sur-boeme.fr\/index.php?rest_route=\/wp\/v2\/posts\/6188"}],"collection":[{"href":"https:\/\/www.mouthiers-sur-boeme.fr\/index.php?rest_route=\/wp\/v2\/posts"}],"about":[{"href":"https:\/\/www.mouthiers-sur-boeme.fr\/index.php?rest_route=\/wp\/v2\/types\/post"}],"author":[{"embeddable":true,"href":"https:\/\/www.mouthiers-sur-boeme.fr\/index.php?rest_route=\/wp\/v2\/users\/22"}],"replies":[{"embeddable":true,"href":"https:\/\/www.mouthiers-sur-boeme.fr\/index.php?rest_route=%2Fwp%2Fv2%2Fcomments&post=6188"}],"version-history":[{"count":1,"href":"https:\/\/www.mouthiers-sur-boeme.fr\/index.php?rest_route=\/wp\/v2\/posts\/6188\/revisions"}],"predecessor-version":[{"id":6190,"href":"https:\/\/www.mouthiers-sur-boeme.fr\/index.php?rest_route=\/wp\/v2\/posts\/6188\/revisions\/6190"}],"wp:featuredmedia":[{"embeddable":true,"href":"https:\/\/www.mouthiers-sur-boeme.fr\/index.php?rest_route=\/wp\/v2\/media\/6191"}],"wp:attachment":[{"href":"https:\/\/www.mouthiers-sur-boeme.fr\/index.php?rest_route=%2Fwp%2Fv2%2Fmedia&parent=6188"}],"wp:term":[{"taxonomy":"category","embeddable":true,"href":"https:\/\/www.mouthiers-sur-boeme.fr\/index.php?rest_route=%2Fwp%2Fv2%2Fcategories&post=6188"},{"taxonomy":"post_tag","embeddable":true,"href":"https:\/\/www.mouthiers-sur-boeme.fr\/index.php?rest_route=%2Fwp%2Fv2%2Ftags&post=6188"}],"curies":[{"name":"wp","href":"https:\/\/api.w.org\/{rel}","templated":true}]}}