{"id":6979,"date":"2019-08-21T18:20:20","date_gmt":"2019-08-21T17:20:20","guid":{"rendered":"https:\/\/www.mouthiers-sur-boeme.fr\/?p=6979"},"modified":"2019-08-21T18:20:20","modified_gmt":"2019-08-21T17:20:20","slug":"rentree-culturelle-a-la-mediatheque","status":"publish","type":"post","link":"https:\/\/www.mouthiers-sur-boeme.fr\/?p=6979","title":{"rendered":"Rentr\u00e9e Culturelle \u00e0 la M\u00e9diath\u00e8que"},"content":{"rendered":"<p><span style=\"font-size: medium;\">La rentr\u00e9e de Septembre approche \u00e0 grands pas et pour \u00e9chapper au blues de la fin de l&rsquo;\u00e9t\u00e9 nous vous avons concoct\u00e9 un programme haut en couleurs !<\/span><\/p>\n<p><span style=\"font-size: medium;\">Pour le visualiser rendez-vous sur notre site <span id=\"OBJ_PREFIX_DWT1393_com_zimbra_url\" class=\"Object\" role=\"link\"><a href=\"http:\/\/www.papillon-lecture.fr\/index.php?lvl=cmspage&amp;pageid=4&amp;id_article=181\" target=\"_blank\" rel=\"noopener\">Papillon-Lecture<\/a><\/span>.<\/span><\/p>\n<p><span style=\"font-size: medium;\">Au programme du mois de Septembre :<\/span><\/p>\n<p><span style=\"font-size: medium;\">&#8211; <span style=\"color: #ff9900;\"><strong><span id=\"OBJ_PREFIX_DWT1395_com_zimbra_date\" class=\"Object\" role=\"link\">Mercredi<\/span> 11<\/strong><\/span> Septembre \u00e0 <span style=\"color: #ff9900;\"><strong>18h30<\/strong><\/span> \u00e0 la biblioth\u00e8que de <span style=\"color: #ff9900;\"><strong>Sireuil<\/strong><\/span> : Caf\u00e9-Lecture pour le Prix des Lecteurs <\/span><\/p>\n<p><span style=\"font-size: medium;\">&#8211; <span style=\"color: #993366;\"><strong><span id=\"OBJ_PREFIX_DWT1396_com_zimbra_date\" class=\"Object\" role=\"link\">Samedi<\/span> 14<\/strong><\/span> Septembre \u00e0 <span style=\"color: #993366;\"><strong>10h30<\/strong><\/span> \u00e0 la biblioth\u00e8que de <span style=\"color: #993366;\"><strong>Sireuil<\/strong><\/span> : Minute Papillon<\/span><\/p>\n<p><span style=\"font-size: medium;\">&#8211; <span style=\"color: #00ccff;\"><strong><span id=\"OBJ_PREFIX_DWT1397_com_zimbra_date\" class=\"Object\" role=\"link\">Vendredi<\/span> 20<\/strong><\/span> Septembre \u00e0 <span style=\"color: #00ccff;\"><strong>20h<\/strong><\/span> \u00e0 la m\u00e9diath\u00e8que de <span style=\"color: #00ccff;\"><strong>Mouthiers<\/strong><\/span> : 20 BD<\/span><\/p>\n<p><span style=\"font-size: medium;\">&#8211; <span style=\"color: #99cc00;\"><strong><span id=\"OBJ_PREFIX_DWT1398_com_zimbra_date\" class=\"Object\" role=\"link\">Samedi<\/span> 21<\/strong><\/span> Septembre de <span style=\"color: #99cc00;\"><strong>10h \u00e0 12h<\/strong><\/span> \u00e0 la biblioth\u00e8que de <span style=\"color: #99cc00;\"><strong>Roullet<\/strong><\/span> : Rencontre avec Marie-Jos\u00e9 Gargouil-Ferr\u00e9<\/span><\/p>\n<p><span style=\"font-size: medium;\">&#8211; <span style=\"color: #ff0000;\"><strong><span id=\"OBJ_PREFIX_DWT1399_com_zimbra_date\" class=\"Object\" role=\"link\">Samedi<\/span> 21<\/strong><\/span> Septembre <span style=\"color: #ff0000;\"><strong>toute la journ\u00e9e<\/strong><\/span> \u00e0 la m\u00e9diath\u00e8que de <span style=\"color: #ff0000;\"><strong>Mouthiers<\/strong><\/span> : Journ\u00e9e exceptionnelle pour l&rsquo;anniversaire des 5 ans de la m\u00e9diath\u00e8que <\/span><\/p>\n<p>de 10h \u00e0 16h30 : Vente de livres au profit du Secours Populaire et exposition photos retra\u00e7ant les cinq ans de la m\u00e9diath\u00e8que<\/p>\n<p>\u00e0 11h : Inauguration de la fresque murale dans la salle jeunesse faite pas Sandrine Payramaure<\/p>\n<p>de 14h \u00e0 16h30 : Atelier dessin reproduction de la fresque avec Sandrine Payramaure<\/p>\n<p><span style=\"font-size: medium;\">Pour plus de renseignements n&rsquo;h\u00e9sitez pas \u00e0 nous contacter ou rendez-vous sur notre site <\/span><\/p>\n<p><span style=\"font-size: medium;\"><span id=\"OBJ_PREFIX_DWT1400_com_zimbra_url\" class=\"Object\" role=\"link\"><a href=\"http:\/\/www.papillon-lecture.fr\/index.php?lvl=cmspage&amp;pageid=4&amp;id_article=181\" target=\"_blank\" rel=\"noopener\">Papillon-Lecture<\/a><\/span> ou sur notre Page Facebook <\/span><span id=\"OBJ_PREFIX_DWT1401_com_zimbra_url\" class=\"Object\" role=\"link\"><a href=\"https:\/\/www.facebook.com\/pages\/category\/Book\/M%C3%A9diath%C3%A8que-de-Mouthiers-Papillon-Lecture-287088585278481\/\" target=\"_blank\" rel=\"noopener\"><span style=\"font-size: medium;\">M\u00e9diath\u00e8que de Mouthiers <\/span><\/a><\/span><span style=\"font-size: medium;\"><span id=\"OBJ_PREFIX_DWT1402_com_zimbra_url\" class=\"Object\" role=\"link\"><a href=\"https:\/\/www.facebook.com\/pages\/category\/Book\/M%C3%A9diath%C3%A8que-de-Mouthiers-Papillon-Lecture-287088585278481\/\" target=\"_blank\" rel=\"noopener\">R\u00e9seau Papillon-Lecture<\/a><\/span>. <\/span><\/p>\n<p><span style=\"font-size: medium;\">L&rsquo;Equipe de la m\u00e9diath\u00e8que<\/span><\/p>\n<p><span style=\"font-size: medium;\"><span id=\"OBJ_PREFIX_DWT1403_ZmEmailObjectHandler\" class=\"Object\" role=\"link\">papillonlecture@grandangouleme.fr<\/span><\/span><\/p>\n<p><span style=\"font-size: medium;\"><span id=\"OBJ_PREFIX_DWT1404_com_zimbra_phone\" class=\"Object\" role=\"link\"><a href=\"callto:05.45.67.89.47\">05.45.67.89.47<\/a><\/span> <\/span><\/p>\n","protected":false},"excerpt":{"rendered":"<p>La rentr\u00e9e de Septembre approche \u00e0 grands pas et pour \u00e9chapper au blues de la fin de l&rsquo;\u00e9t\u00e9 nous vous avons concoct\u00e9 un programme haut en couleurs ! Pour le visualiser rendez-vous sur notre site Papillon-Lecture. Au programme du mois de Septembre : &#8211; Mercredi 11 Septembre \u00e0 18h30 \u00e0 la biblioth\u00e8que de Sireuil : &hellip; <a href=\"https:\/\/www.mouthiers-sur-boeme.fr\/?p=6979\" class=\"more-link\">Continuer la lecture de <span class=\"screen-reader-text\">Rentr\u00e9e Culturelle \u00e0 la M\u00e9diath\u00e8que<\/span>  <span class=\"meta-nav\">&rarr;<\/span><\/a><\/p>\n","protected":false},"author":22,"featured_media":0,"comment_status":"open","ping_status":"open","sticky":false,"template":"","format":"standard","meta":[],"categories":[20],"tags":[],"_links":{"self":[{"href":"https:\/\/www.mouthiers-sur-boeme.fr\/index.php?rest_route=\/wp\/v2\/posts\/6979"}],"collection":[{"href":"https:\/\/www.mouthiers-sur-boeme.fr\/index.php?rest_route=\/wp\/v2\/posts"}],"about":[{"href":"https:\/\/www.mouthiers-sur-boeme.fr\/index.php?rest_route=\/wp\/v2\/types\/post"}],"author":[{"embeddable":true,"href":"https:\/\/www.mouthiers-sur-boeme.fr\/index.php?rest_route=\/wp\/v2\/users\/22"}],"replies":[{"embeddable":true,"href":"https:\/\/www.mouthiers-sur-boeme.fr\/index.php?rest_route=%2Fwp%2Fv2%2Fcomments&post=6979"}],"version-history":[{"count":1,"href":"https:\/\/www.mouthiers-sur-boeme.fr\/index.php?rest_route=\/wp\/v2\/posts\/6979\/revisions"}],"predecessor-version":[{"id":6980,"href":"https:\/\/www.mouthiers-sur-boeme.fr\/index.php?rest_route=\/wp\/v2\/posts\/6979\/revisions\/6980"}],"wp:attachment":[{"href":"https:\/\/www.mouthiers-sur-boeme.fr\/index.php?rest_route=%2Fwp%2Fv2%2Fmedia&parent=6979"}],"wp:term":[{"taxonomy":"category","embeddable":true,"href":"https:\/\/www.mouthiers-sur-boeme.fr\/index.php?rest_route=%2Fwp%2Fv2%2Fcategories&post=6979"},{"taxonomy":"post_tag","embeddable":true,"href":"https:\/\/www.mouthiers-sur-boeme.fr\/index.php?rest_route=%2Fwp%2Fv2%2Ftags&post=6979"}],"curies":[{"name":"wp","href":"https:\/\/api.w.org\/{rel}","templated":true}]}}