{"id":7614,"date":"2019-09-14T10:00:31","date_gmt":"2019-09-14T09:00:31","guid":{"rendered":"https:\/\/www.mouthiers-sur-boeme.fr\/?p=7614"},"modified":"2019-11-05T23:04:09","modified_gmt":"2019-11-05T22:04:09","slug":"2eme-festival-de-la-biodiversite","status":"publish","type":"post","link":"https:\/\/www.mouthiers-sur-boeme.fr\/?p=7614","title":{"rendered":"2\u00c8ME FESTIVAL DE LA BIODIVERSIT\u00c9 17,18,19 octobre"},"content":{"rendered":"<h3 style=\"text-align: center;\"><strong>La 2\u00e8me \u00e9dition de<\/strong><\/h3>\n<h3 style=\"text-align: center;\"><strong>\u00ab\u00a0Mouthiers f\u00eate la biodiversit\u00e9\u00a0\u00bb<\/strong><\/h3>\n<h3 style=\"text-align: center;\"><strong>aura lieu du jeudi 17 octobre au samedi 19.<\/strong><\/h3>\n<p><img loading=\"lazy\" class=\"alignnone size-medium wp-image-7620\" src=\"https:\/\/www.mouthiers-sur-boeme.fr\/wp-content\/uploads\/2019\/09\/Affiche-A3_MFlB19_v2b-212x300.jpg\" alt=\"\" width=\"212\" height=\"300\" srcset=\"https:\/\/www.mouthiers-sur-boeme.fr\/wp-content\/uploads\/2019\/09\/Affiche-A3_MFlB19_v2b-212x300.jpg 212w, https:\/\/www.mouthiers-sur-boeme.fr\/wp-content\/uploads\/2019\/09\/Affiche-A3_MFlB19_v2b-768x1086.jpg 768w, https:\/\/www.mouthiers-sur-boeme.fr\/wp-content\/uploads\/2019\/09\/Affiche-A3_MFlB19_v2b-724x1024.jpg 724w\" sizes=\"(max-width: 212px) 100vw, 212px\" \/><\/p>\n<p>Au programme :<\/p>\n<p><span style=\"color: #ff0000;\">ATTENTION MODIFICATION DE DERNI\u00c8RE MINUTE :\u00a0<\/span> Pour la conf\u00e9rence \u00ab\u00a0L&rsquo;eau et le papier\u00a0\u00bb de samedi 11h00, Monsieur Jacques Br\u00e9joux remplacera Monsieur Denis Peaucelle.<\/p>\n<h3><strong>Jeudi 17 octobre<\/strong>\u00a0 <strong><span style=\"color: #ff0000;\">salle G.Ploquin<\/span><\/strong><\/h3>\n<p>CIN\u00c9MA<\/p>\n<p>s\u00e9ance scolaire 13h30 \u00a0\u00a0\u00a0\u00a0\u00a0\u00a0\u00a0\u00a0\u00a0 <a href=\"http:\/\/www.allocine.fr\/film\/fichefilm_gen_cfilm=132122.html\" target=\"_blank\" rel=\"noopener\">LA CL\u00c9 DES CHAMPS\u00a0<\/a><\/p>\n<p>20h30\u00a0 cin\u00e9 d\u00e9bat anim\u00e9 par Alain Larrive<\/p>\n<p><a href=\"http:\/\/www.allocine.fr\/film\/fichefilm_gen_cfilm=191132.html\" target=\"_blank\" rel=\"noopener\">WATER,LE POUVOIR SECRET DE L&rsquo;EAU<\/a><\/p>\n<h3><strong>Vendredi 18 octobre<\/strong>\u00a0 Place Simon Dugaleix<\/h3>\n<p>18h00 : inauguration du festival : pot offert par la mairie suivi d&rsquo;un repas tir\u00e9 du sac\u00a0 <strong>ET du spectacle de Bertrand MALHERBE \u00e0 <\/strong>20h30 \u00e0 la MJC<\/p>\n<p><a href=\"https:\/\/www.facebook.com\/search\/posts\/?q=mouthiers%20f%C3%AAte%20la%20biodiversit%C3%A9&amp;epa=FILTERS&amp;filters=eyJycF9jcmVhdGlvbl90aW1lIjoie1wibmFtZVwiOlwiY3JlYXRpb25fdGltZVwiLFwiYXJnc1wiOlwie1xcXCJzdGFydF95ZWFyXFxcIjpcXFwiMjAxOVxcXCIsXFxcInN0YXJ0X21vbnRoXFxcIjpcXFwiMjAxOS0xXFxcIixcXFwiZW5kX3llYXJcXFwiOlxcXCIyMDE5XFxcIixcXFwiZW5kX21vbnRoXFxcIjpcXFwiMjAxOS0xMlxcXCIsXFxcInN0YXJ0X2RheVxcXCI6XFxcIjIwMTktMS0xXFxcIixcXFwiZW5kX2RheVxcXCI6XFxcIjIwMTktMTItMzFcXFwifVwifSJ9\" target=\"_blank\" rel=\"noopener\">\u00ab\u00a0Le lavoir au fil de l&rsquo;eau\u00a0\u00bb<\/a><\/p>\n<p>Des animations sp\u00e9cifiques\u00a0 r\u00e9serv\u00e9es aux \u00e9coles auront lieu toute la journ\u00e9e. Grand Angoul\u00eame, SYBRA, LPO et Charente Nature proposeront des ateliers aux \u00e9l\u00e8ves du CP au CE2 aux tourbi\u00e8res. Les enfants de la Petite \u00e0 la Grande section auront un spectacle de la compagnie Man d&rsquo;APPA : Le chemin de l&rsquo;eau.<\/p>\n<h3>Samedi 19 octobre<\/h3>\n<p><strong>8h30-10h<\/strong>\u00a0 :\u00a0 Balade dans les tourbi\u00e8res de la Grande Prairie de Mouthiers-sur-Bo\u00ebme avec Laetitia Copin-Merlet. D\u00e9couvrez cet environnement naturel pr\u00e9serv\u00e9 class\u00e9 ZNIEFF et NATURA 2000 et sa riche histoire. Caf\u00e9, th\u00e9 et viennoiseries offerts par la municipalit\u00e9.<\/p>\n<p>RV : Tourbi\u00e8res &#8211; Terrain des p\u00eacheurs (parking)\u00a0\u00a0\u00a0\u00a0\u00a0\u00a0\u00a0\u00a0\u00a0\u00a0\u00a0\u00a0\u00a0\u00a0\u00a0\u00a0\u00a0\u00a0\u00a0\u00a0 Gratuit<\/p>\n<p><a href=\"http:\/\/www.grandangouleme.fr\/wp-content\/uploads\/2019\/07\/Programme-Via-Patrimoine-de-sept-%C3%A0-d%C3%A9cembre-2019.pdf\" target=\"_blank\" rel=\"noopener\">Programme Via Patrimoine sept-d\u00e9c 2019<\/a><\/p>\n<p>11h00 : \u00e0 la MJC, <strong>conf\u00e9rence \u00ab\u00a0L&rsquo;eau et le papier\u00a0\u00bb<\/strong> par Denis Peaucelle ancien conservateur du mus\u00e9e du papier.<\/p>\n<p><span style=\"color: #ff0000;\">ATTENTION MODIFICATION DE DERNI\u00c8RE MINUTE<\/span> :\u00a0 Pour la conf\u00e9rence \u00ab\u00a0L&rsquo;eau et le papier\u00a0\u00bb Monsieur Jacques Br\u00e9joux remplacera Monsieur Denis Peaucelle.<\/p>\n<p><a href=\"https:\/\/www.sudouest.fr\/2011\/10\/31\/une-page-se-tourne-au-musee-du-papier-540895-813.php\" target=\"_blank\" rel=\"noopener\">Pour mieux le conna\u00eetre <\/a><\/p>\n<p><strong>D\u00e9ambulation <\/strong>de Pile-Poil et Compagnie <strong>\u00ab ADOPTEZ-MOI \u00bb \u00e0 11h30<\/strong> puis<strong> \u00e0 14h30<\/strong><\/p>\n<p><a href=\"https:\/\/www.youtube.com\/watch?v=_jkJDpjzGtw\" target=\"_blank\" rel=\"noopener\">La chanson du pingouin SBF<\/a><\/p>\n<p>13h30 : rendez-vous au champs de foire pour un<strong> parcours comment\u00e9 de la Bo\u00ebme<\/strong> anim\u00e9 par Maxime Jouanaud technicien de rivi\u00e8re du SYBRA<\/p>\n<p><a href=\"https:\/\/www.sudouest.fr\/2017\/12\/05\/quel-avenir-envisager-pour-la-tourbiere-4006754-1013.php\" target=\"_blank\" rel=\"noopener\">Pour mieux le conna\u00eetre<\/a><\/p>\n<p>16h30 : salle G.Ploquin spectacle tout public<\/p>\n<p><strong>Les Rippetouts au pays de l&rsquo;or bleu<\/strong>, de\u00a0 \u00ab\u00a0Pile Poil et Cie\u00a0\u00bb<\/p>\n<p><a href=\"https:\/\/www.youtube.com\/watch?v=h5fEsHoHcao\" target=\"_blank\" rel=\"noopener\">Lien Youtube<\/a><\/p>\n<p>18h00 : salle G.Ploquin <strong>conf\u00e9rence \u00ab\u00a0L&rsquo;eau, la biodiversit\u00e9 et l&rsquo;\u00e9rosion\u00a0\u00bb<\/strong> de Beno\u00eet Sautour .<\/p>\n<p><a href=\"https:\/\/www.francebleu.fr\/emissions\/l-invite-de-france-bleu-limousin-matin\/limousin\/l-invite-du-matin-limousin-20\" target=\"_blank\" rel=\"noopener\">Pour mieux le conna\u00eetre<\/a><\/p>\n<p>20h00h: Place Simon Dugaleix<\/p>\n<p>Cl\u00f4ture du festival avec le groupe \u00ab\u00a0les cagettes de l&rsquo;ouest\u00a0\u00bb et une sc\u00e8ne ouverte \u00e0 tous.<\/p>\n<p>&nbsp;<\/p>\n<h3>Toute la journ\u00e9e de 10h00 \u00e0 16h00 :<\/h3>\n<p>Troc aux plantes et village des exposants, animations diverses et restauration sur place.<\/p>\n<p>Des expositions \u00e0 voir \u00e0 la MJC, \u00e0 la gare, \u00e0 la m\u00e9diath\u00e8que.<\/p>\n<p>L&rsquo;atlas de la biodiversit\u00e9 en diaporama.<\/p>\n<p><a href=\"https:\/\/www.facebook.com\/search\/top\/?q=mouthiers%20f%C3%AAte%20la%20biodiversit%C3%A9&amp;epa=SEARCH_BOX\" target=\"_blank\" rel=\"noopener\">page Facebook<\/a><\/p>\n<p>Le flyer ci-dessous, \u00e0 n&rsquo;imprimer que si n\u00e9cessaire !<\/p>\n<p><a href=\"https:\/\/www.mouthiers-sur-boeme.fr\/wp-content\/uploads\/2019\/09\/Prog_FdlB_v3.pdf\" target=\"_blank\" rel=\"noopener\">LE PROGRAMME<\/a><\/p>\n<p>&nbsp;<\/p>\n<p>&nbsp;<\/p>\n","protected":false},"excerpt":{"rendered":"<p>La 2\u00e8me \u00e9dition de \u00ab\u00a0Mouthiers f\u00eate la biodiversit\u00e9\u00a0\u00bb aura lieu du jeudi 17 octobre au samedi 19. Au programme : ATTENTION MODIFICATION DE DERNI\u00c8RE MINUTE :\u00a0 Pour la conf\u00e9rence \u00ab\u00a0L&rsquo;eau et le papier\u00a0\u00bb de samedi 11h00, Monsieur Jacques Br\u00e9joux remplacera Monsieur Denis Peaucelle. Jeudi 17 octobre\u00a0 salle G.Ploquin CIN\u00c9MA s\u00e9ance scolaire 13h30 \u00a0\u00a0\u00a0\u00a0\u00a0\u00a0\u00a0\u00a0\u00a0 LA CL\u00c9 &hellip; <a href=\"https:\/\/www.mouthiers-sur-boeme.fr\/?p=7614\" class=\"more-link\">Continuer la lecture de <span class=\"screen-reader-text\">2\u00c8ME FESTIVAL DE LA BIODIVERSIT\u00c9 17,18,19 octobre<\/span>  <span class=\"meta-nav\">&rarr;<\/span><\/a><\/p>\n","protected":false},"author":22,"featured_media":7617,"comment_status":"open","ping_status":"open","sticky":false,"template":"","format":"standard","meta":[],"categories":[76],"tags":[],"_links":{"self":[{"href":"https:\/\/www.mouthiers-sur-boeme.fr\/index.php?rest_route=\/wp\/v2\/posts\/7614"}],"collection":[{"href":"https:\/\/www.mouthiers-sur-boeme.fr\/index.php?rest_route=\/wp\/v2\/posts"}],"about":[{"href":"https:\/\/www.mouthiers-sur-boeme.fr\/index.php?rest_route=\/wp\/v2\/types\/post"}],"author":[{"embeddable":true,"href":"https:\/\/www.mouthiers-sur-boeme.fr\/index.php?rest_route=\/wp\/v2\/users\/22"}],"replies":[{"embeddable":true,"href":"https:\/\/www.mouthiers-sur-boeme.fr\/index.php?rest_route=%2Fwp%2Fv2%2Fcomments&post=7614"}],"version-history":[{"count":14,"href":"https:\/\/www.mouthiers-sur-boeme.fr\/index.php?rest_route=\/wp\/v2\/posts\/7614\/revisions"}],"predecessor-version":[{"id":7695,"href":"https:\/\/www.mouthiers-sur-boeme.fr\/index.php?rest_route=\/wp\/v2\/posts\/7614\/revisions\/7695"}],"wp:featuredmedia":[{"embeddable":true,"href":"https:\/\/www.mouthiers-sur-boeme.fr\/index.php?rest_route=\/wp\/v2\/media\/7617"}],"wp:attachment":[{"href":"https:\/\/www.mouthiers-sur-boeme.fr\/index.php?rest_route=%2Fwp%2Fv2%2Fmedia&parent=7614"}],"wp:term":[{"taxonomy":"category","embeddable":true,"href":"https:\/\/www.mouthiers-sur-boeme.fr\/index.php?rest_route=%2Fwp%2Fv2%2Fcategories&post=7614"},{"taxonomy":"post_tag","embeddable":true,"href":"https:\/\/www.mouthiers-sur-boeme.fr\/index.php?rest_route=%2Fwp%2Fv2%2Ftags&post=7614"}],"curies":[{"name":"wp","href":"https:\/\/api.w.org\/{rel}","templated":true}]}}