{"id":7680,"date":"2019-10-03T20:30:41","date_gmt":"2019-10-03T19:30:41","guid":{"rendered":"https:\/\/www.mouthiers-sur-boeme.fr\/?p=7680"},"modified":"2019-10-13T20:31:05","modified_gmt":"2019-10-13T19:31:05","slug":"au-fil-du-conte-2019-le-garcon-caillou-mjc-jules-berry-mouthiers","status":"publish","type":"post","link":"https:\/\/www.mouthiers-sur-boeme.fr\/?p=7680","title":{"rendered":"Au fil du conte 2019 \u00ab\u00a0Le Gar\u00e7on Caillou\u00a0\u00bb- MJC Jules Berry &#8211; Mouthiers"},"content":{"rendered":"<p>Le festival au fil du conte 2019 s&rsquo;arr\u00eate une nouvelle fois \u00e0 Mouthiers le samedi 5 octobre \u00e0 20h30 &#8211; Rendez-vous \u00e0 la MJC Jules Berry pour un spectacle qui s&rsquo;intitule \u00ab\u00a0Le gar\u00e7on caillou\u00a0\u00bb interpr\u00e9t\u00e9 par M\u00e9lissa Baker.<\/p>\n<p>Inspir\u00e9 d&rsquo;une l\u00e9gende sioux, le Gar\u00e7on Caillou\u00a0\u00bb est n\u00e9 d&rsquo;un rocher vivant qui repr\u00e9senterait l&rsquo;origine du monde et d&rsquo;une femme indienne. &#8230;.. Pour conna\u00eetre l&rsquo;histoire venez voir et ouvrez vos oreilles.<\/p>\n<p>Spectacle tout public, \u00e0 partir de 8 ans. Dur\u00e9e 1h15<\/p>\n","protected":false},"excerpt":{"rendered":"<p>Le festival au fil du conte 2019 s&rsquo;arr\u00eate une nouvelle fois \u00e0 Mouthiers le samedi 5 octobre \u00e0 20h30 &#8211; Rendez-vous \u00e0 la MJC Jules Berry pour un spectacle qui s&rsquo;intitule \u00ab\u00a0Le gar\u00e7on caillou\u00a0\u00bb interpr\u00e9t\u00e9 par M\u00e9lissa Baker. Inspir\u00e9 d&rsquo;une l\u00e9gende sioux, le Gar\u00e7on Caillou\u00a0\u00bb est n\u00e9 d&rsquo;un rocher vivant qui repr\u00e9senterait l&rsquo;origine du monde &hellip; <a href=\"https:\/\/www.mouthiers-sur-boeme.fr\/?p=7680\" class=\"more-link\">Continuer la lecture de <span class=\"screen-reader-text\">Au fil du conte 2019 \u00ab\u00a0Le Gar\u00e7on Caillou\u00a0\u00bb- MJC Jules Berry &#8211; Mouthiers<\/span>  <span class=\"meta-nav\">&rarr;<\/span><\/a><\/p>\n","protected":false},"author":22,"featured_media":0,"comment_status":"open","ping_status":"open","sticky":false,"template":"","format":"standard","meta":[],"categories":[20],"tags":[],"_links":{"self":[{"href":"https:\/\/www.mouthiers-sur-boeme.fr\/index.php?rest_route=\/wp\/v2\/posts\/7680"}],"collection":[{"href":"https:\/\/www.mouthiers-sur-boeme.fr\/index.php?rest_route=\/wp\/v2\/posts"}],"about":[{"href":"https:\/\/www.mouthiers-sur-boeme.fr\/index.php?rest_route=\/wp\/v2\/types\/post"}],"author":[{"embeddable":true,"href":"https:\/\/www.mouthiers-sur-boeme.fr\/index.php?rest_route=\/wp\/v2\/users\/22"}],"replies":[{"embeddable":true,"href":"https:\/\/www.mouthiers-sur-boeme.fr\/index.php?rest_route=%2Fwp%2Fv2%2Fcomments&post=7680"}],"version-history":[{"count":1,"href":"https:\/\/www.mouthiers-sur-boeme.fr\/index.php?rest_route=\/wp\/v2\/posts\/7680\/revisions"}],"predecessor-version":[{"id":7681,"href":"https:\/\/www.mouthiers-sur-boeme.fr\/index.php?rest_route=\/wp\/v2\/posts\/7680\/revisions\/7681"}],"wp:attachment":[{"href":"https:\/\/www.mouthiers-sur-boeme.fr\/index.php?rest_route=%2Fwp%2Fv2%2Fmedia&parent=7680"}],"wp:term":[{"taxonomy":"category","embeddable":true,"href":"https:\/\/www.mouthiers-sur-boeme.fr\/index.php?rest_route=%2Fwp%2Fv2%2Fcategories&post=7680"},{"taxonomy":"post_tag","embeddable":true,"href":"https:\/\/www.mouthiers-sur-boeme.fr\/index.php?rest_route=%2Fwp%2Fv2%2Ftags&post=7680"}],"curies":[{"name":"wp","href":"https:\/\/api.w.org\/{rel}","templated":true}]}}