{"id":7699,"date":"2019-10-10T07:05:26","date_gmt":"2019-10-10T06:05:26","guid":{"rendered":"https:\/\/www.mouthiers-sur-boeme.fr\/?p=7699"},"modified":"2019-10-23T22:35:06","modified_gmt":"2019-10-23T21:35:06","slug":"7699","status":"publish","type":"post","link":"https:\/\/www.mouthiers-sur-boeme.fr\/?p=7699","title":{"rendered":"Rendez-vous \u00e0 la mare samedi 12 octobre"},"content":{"rendered":"<p>Chantier participatif ce samedi. Rejoignez le Conseil municipal des jeunes de Mouthiers pour un apr\u00e8s-midi \u00e9co-engag\u00e9 ! Au programme : finitions de la mare nouvellement cr\u00e9\u00e9e, traque des d\u00e9chets, animation autour du verger&#8230;<\/p>\n<p>RDV \u00e0 14h \u00e0 l&rsquo;entr\u00e9e des tourbi\u00e8res (hameau de La Rochandry)<br \/>\n(pr\u00e9voir tenue et chaussures adapt\u00e9es)<\/p>\n<div class=\"text_exposed_show\">\n<p>Organis\u00e9 par la mairie, le CMJ et le collectif citoyen \u00ab\u00a0Trame verte et bleue\u00a0\u00bb de Mouthiers<br \/>\nEn parteneriat avec <a class=\"profileLink\" href=\"https:\/\/www.facebook.com\/PromHaies\/?__tn__=K-R&amp;eid=ARB2Ctkw3Xhq8EeEhS2Xyjkr-n24X6BmpS20hG2AYA7CDDJTqn9P50HkBMOcv2pXjpOYxelDy_1dTneu&amp;fref=mentions&amp;__xts__%5B0%5D=68.ARCmaCjBQDT2OaSAk_KZDLf-gRHNaeIv-tijl6uoJbLqM5cmTKkMvO4vhmDppM1MII7QwCH1LNquPTrXQF52B2iRS5R8yTgK8LmN2dv2_TKP73Ra8S4jcNw3inXb97dWz_fg3WKOCbMV8FAazqx32KYZRlT3mmXGsxmK3ulTLZuCCAcAG8hTRCuBVO1olU9Uv7DK_qZtAnb6Z4ptOTZ6IDOhaNNoxvaps95wO72MSKo15SM5rUvx3jwXn7ZgFdxYdVAwxaa5wYQZEdDa_HGFXyfvxPTTzag0_AGhVgV_j4IIPwb_sFKCEGuG5A7kW8gjaAI26KYS8rDpJueedy1mt7RI0joCmeHKxE5hfmvTRFxK-cLM6M3YFjA\" data-hovercard=\"\/ajax\/hovercard\/page.php?id=466875093322848&amp;extragetparams=%7B%22__tn__%22%3A%22%2CdK-R-R%22%2C%22eid%22%3A%22ARB2Ctkw3Xhq8EeEhS2Xyjkr-n24X6BmpS20hG2AYA7CDDJTqn9P50HkBMOcv2pXjpOYxelDy_1dTneu%22%2C%22fref%22%3A%22mentions%22%7D\" data-hovercard-prefer-more-content-show=\"1\">Prom&rsquo;Haies en Nouvelle-Aquitaine<\/a> <a class=\"profileLink\" href=\"https:\/\/www.facebook.com\/LPO-en-Charente-542581046528168\/?__tn__=K-R&amp;eid=ARBMRFORlkO5HS4W2cr8MOFvTA8h0MqghMUiTWMxIbRmcSu0rwBzpbWi4aqrwkYbCBQ6kUUsuueAt0_f&amp;fref=mentions&amp;__xts__%5B0%5D=68.ARCmaCjBQDT2OaSAk_KZDLf-gRHNaeIv-tijl6uoJbLqM5cmTKkMvO4vhmDppM1MII7QwCH1LNquPTrXQF52B2iRS5R8yTgK8LmN2dv2_TKP73Ra8S4jcNw3inXb97dWz_fg3WKOCbMV8FAazqx32KYZRlT3mmXGsxmK3ulTLZuCCAcAG8hTRCuBVO1olU9Uv7DK_qZtAnb6Z4ptOTZ6IDOhaNNoxvaps95wO72MSKo15SM5rUvx3jwXn7ZgFdxYdVAwxaa5wYQZEdDa_HGFXyfvxPTTzag0_AGhVgV_j4IIPwb_sFKCEGuG5A7kW8gjaAI26KYS8rDpJueedy1mt7RI0joCmeHKxE5hfmvTRFxK-cLM6M3YFjA\" data-hovercard=\"\/ajax\/hovercard\/page.php?id=542581046528168&amp;extragetparams=%7B%22__tn__%22%3A%22%2CdK-R-R%22%2C%22eid%22%3A%22ARBMRFORlkO5HS4W2cr8MOFvTA8h0MqghMUiTWMxIbRmcSu0rwBzpbWi4aqrwkYbCBQ6kUUsuueAt0_f%22%2C%22fref%22%3A%22mentions%22%7D\" data-hovercard-prefer-more-content-show=\"1\">LPO en Charente<\/a><br \/>\nSoutenu par <a class=\"profileLink\" href=\"https:\/\/www.facebook.com\/AdourGaronne\/?__tn__=K-R&amp;eid=ARASi849SFMMADqBYo2I4zYGgB6zmNFguxUxwdQGWR-PgqBtgESyYuiIHPKmH9sqHX_UgeHkUs_xEpw9&amp;fref=mentions&amp;__xts__%5B0%5D=68.ARCmaCjBQDT2OaSAk_KZDLf-gRHNaeIv-tijl6uoJbLqM5cmTKkMvO4vhmDppM1MII7QwCH1LNquPTrXQF52B2iRS5R8yTgK8LmN2dv2_TKP73Ra8S4jcNw3inXb97dWz_fg3WKOCbMV8FAazqx32KYZRlT3mmXGsxmK3ulTLZuCCAcAG8hTRCuBVO1olU9Uv7DK_qZtAnb6Z4ptOTZ6IDOhaNNoxvaps95wO72MSKo15SM5rUvx3jwXn7ZgFdxYdVAwxaa5wYQZEdDa_HGFXyfvxPTTzag0_AGhVgV_j4IIPwb_sFKCEGuG5A7kW8gjaAI26KYS8rDpJueedy1mt7RI0joCmeHKxE5hfmvTRFxK-cLM6M3YFjA\" data-hovercard=\"\/ajax\/hovercard\/page.php?id=990756074273227&amp;extragetparams=%7B%22__tn__%22%3A%22%2CdK-R-R%22%2C%22eid%22%3A%22ARASi849SFMMADqBYo2I4zYGgB6zmNFguxUxwdQGWR-PgqBtgESyYuiIHPKmH9sqHX_UgeHkUs_xEpw9%22%2C%22fref%22%3A%22mentions%22%7D\" data-hovercard-prefer-more-content-show=\"1\">Agence de l&rsquo;eau Adour-Garonne<\/a> <a id=\"js_cd\" class=\"profileLink\" href=\"https:\/\/www.facebook.com\/nouvelleaquitaine\/?__tn__=K-R&amp;eid=ARCXQpA0EfAOk14KOBC-CaloR8ERhstPBYOkPv6PYyp6fR5T1zTkxz8fjIrGKumJPCzS6R7jYy3NIzCT&amp;fref=mentions&amp;__xts__%5B0%5D=68.ARCmaCjBQDT2OaSAk_KZDLf-gRHNaeIv-tijl6uoJbLqM5cmTKkMvO4vhmDppM1MII7QwCH1LNquPTrXQF52B2iRS5R8yTgK8LmN2dv2_TKP73Ra8S4jcNw3inXb97dWz_fg3WKOCbMV8FAazqx32KYZRlT3mmXGsxmK3ulTLZuCCAcAG8hTRCuBVO1olU9Uv7DK_qZtAnb6Z4ptOTZ6IDOhaNNoxvaps95wO72MSKo15SM5rUvx3jwXn7ZgFdxYdVAwxaa5wYQZEdDa_HGFXyfvxPTTzag0_AGhVgV_j4IIPwb_sFKCEGuG5A7kW8gjaAI26KYS8rDpJueedy1mt7RI0joCmeHKxE5hfmvTRFxK-cLM6M3YFjA\" data-hovercard=\"\/ajax\/hovercard\/page.php?id=1731162750449819&amp;extragetparams=%7B%22__tn__%22%3A%22%2CdK-R-R%22%2C%22eid%22%3A%22ARCXQpA0EfAOk14KOBC-CaloR8ERhstPBYOkPv6PYyp6fR5T1zTkxz8fjIrGKumJPCzS6R7jYy3NIzCT%22%2C%22fref%22%3A%22mentions%22%7D\" data-hovercard-prefer-more-content-show=\"1\" aria-describedby=\"u_11_1\" aria-owns=\"\">R\u00e9gion <\/a><a id=\"js_cd\" class=\"profileLink\" href=\"https:\/\/www.facebook.com\/nouvelleaquitaine\/?__tn__=K-R&amp;eid=ARCXQpA0EfAOk14KOBC-CaloR8ERhstPBYOkPv6PYyp6fR5T1zTkxz8fjIrGKumJPCzS6R7jYy3NIzCT&amp;fref=mentions&amp;__xts__%5B0%5D=68.ARCmaCjBQDT2OaSAk_KZDLf-gRHNaeIv-tijl6uoJbLqM5cmTKkMvO4vhmDppM1MII7QwCH1LNquPTrXQF52B2iRS5R8yTgK8LmN2dv2_TKP73Ra8S4jcNw3inXb97dWz_fg3WKOCbMV8FAazqx32KYZRlT3mmXGsxmK3ulTLZuCCAcAG8hTRCuBVO1olU9Uv7DK_qZtAnb6Z4ptOTZ6IDOhaNNoxvaps95wO72MSKo15SM5rUvx3jwXn7ZgFdxYdVAwxaa5wYQZEdDa_HGFXyfvxPTTzag0_AGhVgV_j4IIPwb_sFKCEGuG5A7kW8gjaAI26KYS8rDpJueedy1mt7RI0joCmeHKxE5hfmvTRFxK-cLM6M3YFjA\" data-hovercard=\"\/ajax\/hovercard\/page.php?id=1731162750449819&amp;extragetparams=%7B%22__tn__%22%3A%22%2CdK-R-R%22%2C%22eid%22%3A%22ARCXQpA0EfAOk14KOBC-CaloR8ERhstPBYOkPv6PYyp6fR5T1zTkxz8fjIrGKumJPCzS6R7jYy3NIzCT%22%2C%22fref%22%3A%22mentions%22%7D\" data-hovercard-prefer-more-content-show=\"1\" aria-describedby=\"u_11_1\" aria-owns=\"\">Nouvelle-Aquitaine<\/a><\/p>\n<\/div>\n","protected":false},"excerpt":{"rendered":"<p>Chantier participatif ce samedi. Rejoignez le Conseil municipal des jeunes de Mouthiers pour un apr\u00e8s-midi \u00e9co-engag\u00e9 ! Au programme : finitions de la mare nouvellement cr\u00e9\u00e9e, traque des d\u00e9chets, animation autour du verger&#8230; RDV \u00e0 14h \u00e0 l&rsquo;entr\u00e9e des tourbi\u00e8res (hameau de La Rochandry) (pr\u00e9voir tenue et chaussures adapt\u00e9es) Organis\u00e9 par la mairie, le CMJ &hellip; <a href=\"https:\/\/www.mouthiers-sur-boeme.fr\/?p=7699\" class=\"more-link\">Continuer la lecture de <span class=\"screen-reader-text\">Rendez-vous \u00e0 la mare samedi 12 octobre<\/span>  <span class=\"meta-nav\">&rarr;<\/span><\/a><\/p>\n","protected":false},"author":22,"featured_media":7700,"comment_status":"open","ping_status":"open","sticky":false,"template":"","format":"standard","meta":[],"categories":[68,81],"tags":[],"_links":{"self":[{"href":"https:\/\/www.mouthiers-sur-boeme.fr\/index.php?rest_route=\/wp\/v2\/posts\/7699"}],"collection":[{"href":"https:\/\/www.mouthiers-sur-boeme.fr\/index.php?rest_route=\/wp\/v2\/posts"}],"about":[{"href":"https:\/\/www.mouthiers-sur-boeme.fr\/index.php?rest_route=\/wp\/v2\/types\/post"}],"author":[{"embeddable":true,"href":"https:\/\/www.mouthiers-sur-boeme.fr\/index.php?rest_route=\/wp\/v2\/users\/22"}],"replies":[{"embeddable":true,"href":"https:\/\/www.mouthiers-sur-boeme.fr\/index.php?rest_route=%2Fwp%2Fv2%2Fcomments&post=7699"}],"version-history":[{"count":3,"href":"https:\/\/www.mouthiers-sur-boeme.fr\/index.php?rest_route=\/wp\/v2\/posts\/7699\/revisions"}],"predecessor-version":[{"id":7703,"href":"https:\/\/www.mouthiers-sur-boeme.fr\/index.php?rest_route=\/wp\/v2\/posts\/7699\/revisions\/7703"}],"wp:featuredmedia":[{"embeddable":true,"href":"https:\/\/www.mouthiers-sur-boeme.fr\/index.php?rest_route=\/wp\/v2\/media\/7700"}],"wp:attachment":[{"href":"https:\/\/www.mouthiers-sur-boeme.fr\/index.php?rest_route=%2Fwp%2Fv2%2Fmedia&parent=7699"}],"wp:term":[{"taxonomy":"category","embeddable":true,"href":"https:\/\/www.mouthiers-sur-boeme.fr\/index.php?rest_route=%2Fwp%2Fv2%2Fcategories&post=7699"},{"taxonomy":"post_tag","embeddable":true,"href":"https:\/\/www.mouthiers-sur-boeme.fr\/index.php?rest_route=%2Fwp%2Fv2%2Ftags&post=7699"}],"curies":[{"name":"wp","href":"https:\/\/api.w.org\/{rel}","templated":true}]}}