{"id":7704,"date":"2019-10-13T20:29:50","date_gmt":"2019-10-13T19:29:50","guid":{"rendered":"https:\/\/www.mouthiers-sur-boeme.fr\/?p=7704"},"modified":"2019-11-05T23:05:13","modified_gmt":"2019-11-05T22:05:13","slug":"mjc-exposition-28-octobre-au-8-novembre","status":"publish","type":"post","link":"https:\/\/www.mouthiers-sur-boeme.fr\/?p=7704","title":{"rendered":"Vernissage samedi 26 octobre \u00e0 la MJC"},"content":{"rendered":"<p>Exposition visible\u00a0 du\u00a0 28 octobre au 8 novembre de Jo\u00ebl<\/p>\n<p>dans la salle cin\u00e9ma de la MJC<\/p>\n<p>Fouch\u00e9 \u00ab\u00a0ENCRES ET AQUARELLES\u00a0\u00bb<\/p>\n<p>Vernissage samedi 26 octobre \u00e0 11 heures<\/p>\n<p><img loading=\"lazy\" class=\"alignnone size-medium wp-image-7720\" src=\"https:\/\/www.mouthiers-sur-boeme.fr\/wp-content\/uploads\/2019\/10\/JOEL-FOUCHE-300x139.png\" alt=\"\" width=\"300\" height=\"139\" srcset=\"https:\/\/www.mouthiers-sur-boeme.fr\/wp-content\/uploads\/2019\/10\/JOEL-FOUCHE-300x139.png 300w, https:\/\/www.mouthiers-sur-boeme.fr\/wp-content\/uploads\/2019\/10\/JOEL-FOUCHE-768x355.png 768w, https:\/\/www.mouthiers-sur-boeme.fr\/wp-content\/uploads\/2019\/10\/JOEL-FOUCHE-1024x473.png 1024w, https:\/\/www.mouthiers-sur-boeme.fr\/wp-content\/uploads\/2019\/10\/JOEL-FOUCHE.png 1202w\" sizes=\"(max-width: 300px) 100vw, 300px\" \/><\/p>\n","protected":false},"excerpt":{"rendered":"<p>Exposition visible\u00a0 du\u00a0 28 octobre au 8 novembre de Jo\u00ebl dans la salle cin\u00e9ma de la MJC Fouch\u00e9 \u00ab\u00a0ENCRES ET AQUARELLES\u00a0\u00bb Vernissage samedi 26 octobre \u00e0 11 heures<\/p>\n","protected":false},"author":22,"featured_media":7719,"comment_status":"open","ping_status":"open","sticky":false,"template":"","format":"standard","meta":[],"categories":[17],"tags":[],"_links":{"self":[{"href":"https:\/\/www.mouthiers-sur-boeme.fr\/index.php?rest_route=\/wp\/v2\/posts\/7704"}],"collection":[{"href":"https:\/\/www.mouthiers-sur-boeme.fr\/index.php?rest_route=\/wp\/v2\/posts"}],"about":[{"href":"https:\/\/www.mouthiers-sur-boeme.fr\/index.php?rest_route=\/wp\/v2\/types\/post"}],"author":[{"embeddable":true,"href":"https:\/\/www.mouthiers-sur-boeme.fr\/index.php?rest_route=\/wp\/v2\/users\/22"}],"replies":[{"embeddable":true,"href":"https:\/\/www.mouthiers-sur-boeme.fr\/index.php?rest_route=%2Fwp%2Fv2%2Fcomments&post=7704"}],"version-history":[{"count":3,"href":"https:\/\/www.mouthiers-sur-boeme.fr\/index.php?rest_route=\/wp\/v2\/posts\/7704\/revisions"}],"predecessor-version":[{"id":7722,"href":"https:\/\/www.mouthiers-sur-boeme.fr\/index.php?rest_route=\/wp\/v2\/posts\/7704\/revisions\/7722"}],"wp:featuredmedia":[{"embeddable":true,"href":"https:\/\/www.mouthiers-sur-boeme.fr\/index.php?rest_route=\/wp\/v2\/media\/7719"}],"wp:attachment":[{"href":"https:\/\/www.mouthiers-sur-boeme.fr\/index.php?rest_route=%2Fwp%2Fv2%2Fmedia&parent=7704"}],"wp:term":[{"taxonomy":"category","embeddable":true,"href":"https:\/\/www.mouthiers-sur-boeme.fr\/index.php?rest_route=%2Fwp%2Fv2%2Fcategories&post=7704"},{"taxonomy":"post_tag","embeddable":true,"href":"https:\/\/www.mouthiers-sur-boeme.fr\/index.php?rest_route=%2Fwp%2Fv2%2Ftags&post=7704"}],"curies":[{"name":"wp","href":"https:\/\/api.w.org\/{rel}","templated":true}]}}