{"id":7710,"date":"2019-10-13T20:28:14","date_gmt":"2019-10-13T19:28:14","guid":{"rendered":"https:\/\/www.mouthiers-sur-boeme.fr\/?p=7710"},"modified":"2019-10-13T20:28:14","modified_gmt":"2019-10-13T19:28:14","slug":"mediatheque-octobre-2019","status":"publish","type":"post","link":"https:\/\/www.mouthiers-sur-boeme.fr\/?p=7710","title":{"rendered":"M\u00e9diath\u00e8que &#8211; octobre 2019"},"content":{"rendered":"<p>Du 7 au 26 : Dans le cadre du\u00a0 festival de la biodiversit\u00e9, exposition \u00e0 la m\u00e9diath\u00e8que de Mouthiers\u00a0 \u00ab\u00a0Eau et Solidarit\u00e9 Internationale\u00a0\u00bb.<\/p>\n<p>11 octobre : 18h30 Biblioth\u00e8que de Roullet conf\u00e9rence \u00ab\u00a0Portraits de femmes\u00a0\u00bb par Monique Gu\u00e9rin.<\/p>\n<p>Du 15 au 25 octobre\u00a0 exposition \u00e0 la m\u00e9diath\u00e8que de Mouthiers \u00ab\u00a0Cred&rsquo;Eau dans le cadre du festival de la biodiversit\u00e9.<\/p>\n<p>23 octobre \u00e0 18h30 \u00e0 la biblioth\u00e8que de Voeuil : caf\u00e9-lecture prix des lecteurs.<\/p>\n<p>Pour tous renseignements contacter le : 05 45 67 89 47<\/p>\n","protected":false},"excerpt":{"rendered":"<p>Du 7 au 26 : Dans le cadre du\u00a0 festival de la biodiversit\u00e9, exposition \u00e0 la m\u00e9diath\u00e8que de Mouthiers\u00a0 \u00ab\u00a0Eau et Solidarit\u00e9 Internationale\u00a0\u00bb. 11 octobre : 18h30 Biblioth\u00e8que de Roullet conf\u00e9rence \u00ab\u00a0Portraits de femmes\u00a0\u00bb par Monique Gu\u00e9rin. Du 15 au 25 octobre\u00a0 exposition \u00e0 la m\u00e9diath\u00e8que de Mouthiers \u00ab\u00a0Cred&rsquo;Eau dans le cadre du festival de &hellip; <a href=\"https:\/\/www.mouthiers-sur-boeme.fr\/?p=7710\" class=\"more-link\">Continuer la lecture de <span class=\"screen-reader-text\">M\u00e9diath\u00e8que &#8211; octobre 2019<\/span>  <span class=\"meta-nav\">&rarr;<\/span><\/a><\/p>\n","protected":false},"author":22,"featured_media":0,"comment_status":"open","ping_status":"open","sticky":false,"template":"","format":"standard","meta":[],"categories":[20],"tags":[],"_links":{"self":[{"href":"https:\/\/www.mouthiers-sur-boeme.fr\/index.php?rest_route=\/wp\/v2\/posts\/7710"}],"collection":[{"href":"https:\/\/www.mouthiers-sur-boeme.fr\/index.php?rest_route=\/wp\/v2\/posts"}],"about":[{"href":"https:\/\/www.mouthiers-sur-boeme.fr\/index.php?rest_route=\/wp\/v2\/types\/post"}],"author":[{"embeddable":true,"href":"https:\/\/www.mouthiers-sur-boeme.fr\/index.php?rest_route=\/wp\/v2\/users\/22"}],"replies":[{"embeddable":true,"href":"https:\/\/www.mouthiers-sur-boeme.fr\/index.php?rest_route=%2Fwp%2Fv2%2Fcomments&post=7710"}],"version-history":[{"count":1,"href":"https:\/\/www.mouthiers-sur-boeme.fr\/index.php?rest_route=\/wp\/v2\/posts\/7710\/revisions"}],"predecessor-version":[{"id":7711,"href":"https:\/\/www.mouthiers-sur-boeme.fr\/index.php?rest_route=\/wp\/v2\/posts\/7710\/revisions\/7711"}],"wp:attachment":[{"href":"https:\/\/www.mouthiers-sur-boeme.fr\/index.php?rest_route=%2Fwp%2Fv2%2Fmedia&parent=7710"}],"wp:term":[{"taxonomy":"category","embeddable":true,"href":"https:\/\/www.mouthiers-sur-boeme.fr\/index.php?rest_route=%2Fwp%2Fv2%2Fcategories&post=7710"},{"taxonomy":"post_tag","embeddable":true,"href":"https:\/\/www.mouthiers-sur-boeme.fr\/index.php?rest_route=%2Fwp%2Fv2%2Ftags&post=7710"}],"curies":[{"name":"wp","href":"https:\/\/api.w.org\/{rel}","templated":true}]}}