{"id":7732,"date":"2019-10-23T22:33:50","date_gmt":"2019-10-23T21:33:50","guid":{"rendered":"https:\/\/www.mouthiers-sur-boeme.fr\/?p=7732"},"modified":"2019-12-12T07:58:34","modified_gmt":"2019-12-12T06:58:34","slug":"le-vieux-et-loiseau","status":"publish","type":"post","link":"https:\/\/www.mouthiers-sur-boeme.fr\/?p=7732","title":{"rendered":"Le vieux et l&rsquo;oiseau samedi 30 novembre \u00e0 la MJC"},"content":{"rendered":"<p>Le samedi 30 novembre \u00e0 11h00, le secours populaire vous invite \u00e0 la MJC pour un spectacle :<\/p>\n<p>Le vieux et l&rsquo;oiseau<\/p>\n<p>Conte musical th\u00e9\u00e2tralis\u00e9 (chant-guitare) Mis en sc\u00e8ne par Jean-Jacques Faure (Cie avis de temp\u00eate-La Rochelle) Accompagn\u00e9 par Le Carr\u00e9 Amelot -La Rochelle \/Les halles de Tonnay -Charente \/Le conseil d\u00e9partemental de la Charente-Maritime : Aide \u00e0 la cr\u00e9ation 2016 et \u00e0 la diffusion en Charente-Maritime 2016-2019<\/p>\n<p>A partir de 4 ans.<\/p>\n<p>Synopsis<\/p>\n<p>En haut d\u2019une colline, vit un vieil homme. Il habite seul dans une cabane de bambou sans fen\u00eatre. Un jour il entend un son surprenant venant de sa porte. Un oiseau vient de s\u2019y assommer. Le vieil homme se met \u00e0 le soigner et progressivement s\u2019attache \u00e0 lui&#8230;Une fois gu\u00e9ri, l\u2019oiseau veut sortir mais le vieux s&rsquo;y oppose et l\u2019enferme. L\u2019oiseau d\u00e9couvre, un soir, un espace entre 2 bambous, pas tr\u00e8s large, mais suffisamment pour laisser passer un oiseau gourmand de libert\u00e9.Il s\u2019\u00e9chappe ! Depuis, toutes les nuits, il s&rsquo;envole et revient \u00e0 l\u2019aube dans la cabane. Un matin, pris par l\u2019ivresse de la libert\u00e9, il oublie de rentrer&#8230;\u00ab &#8230;Lorsque tu as la chance de rencontrer un oiseau comme celui-ci, r\u00e9jouis-toi. Mais ne t\u2019attache pas \u00e0 lui, il sera toujours libre. Il n\u2019appartiendra jamais \u00e0 personne. Voudrais-tu enfermer le plus beau des paysages ? Est-ce que le fait d\u2019aimer, de soigner, d\u2019\u00e9lever donne tous les droits sur celui que l\u2019on accompagne ?<\/p>\n<p>Questions soulev\u00e9es sur la libert\u00e9, l\u2019amiti\u00e9, la parentalit\u00e9, le couple&#8230;Un message touchant d\u2019humanit\u00e9, intelligent, p\u00e9tri de po\u00e9sie et d\u2019\u00e9motion dont la musique nous fait voyager dans nos propres petites histoires. Musique, mime, po\u00e9sie et r\u00e9cit, Bruno Benoist\u00a0 jongle avec les arts du spectacle vivant pour nous raconter cette tendre histoire.<\/p>\n<p>Un livre-CD est disponible.<\/p>\n<p><a href=\"https:\/\/www.youtube.com\/watch?v=ZrlfOZW2kdc\" target=\"_blank\" rel=\"noopener\">Lien teaser<\/a><\/p>\n<div class=\"canvasWrapper\"><\/div>\n","protected":false},"excerpt":{"rendered":"<p>Le samedi 30 novembre \u00e0 11h00, le secours populaire vous invite \u00e0 la MJC pour un spectacle : Le vieux et l&rsquo;oiseau Conte musical th\u00e9\u00e2tralis\u00e9 (chant-guitare) Mis en sc\u00e8ne par Jean-Jacques Faure (Cie avis de temp\u00eate-La Rochelle) Accompagn\u00e9 par Le Carr\u00e9 Amelot -La Rochelle \/Les halles de Tonnay -Charente \/Le conseil d\u00e9partemental de la Charente-Maritime &hellip; <a href=\"https:\/\/www.mouthiers-sur-boeme.fr\/?p=7732\" class=\"more-link\">Continuer la lecture de <span class=\"screen-reader-text\">Le vieux et l&rsquo;oiseau samedi 30 novembre \u00e0 la MJC<\/span>  <span class=\"meta-nav\">&rarr;<\/span><\/a><\/p>\n","protected":false},"author":22,"featured_media":7737,"comment_status":"open","ping_status":"open","sticky":false,"template":"","format":"standard","meta":[],"categories":[84,82],"tags":[],"_links":{"self":[{"href":"https:\/\/www.mouthiers-sur-boeme.fr\/index.php?rest_route=\/wp\/v2\/posts\/7732"}],"collection":[{"href":"https:\/\/www.mouthiers-sur-boeme.fr\/index.php?rest_route=\/wp\/v2\/posts"}],"about":[{"href":"https:\/\/www.mouthiers-sur-boeme.fr\/index.php?rest_route=\/wp\/v2\/types\/post"}],"author":[{"embeddable":true,"href":"https:\/\/www.mouthiers-sur-boeme.fr\/index.php?rest_route=\/wp\/v2\/users\/22"}],"replies":[{"embeddable":true,"href":"https:\/\/www.mouthiers-sur-boeme.fr\/index.php?rest_route=%2Fwp%2Fv2%2Fcomments&post=7732"}],"version-history":[{"count":6,"href":"https:\/\/www.mouthiers-sur-boeme.fr\/index.php?rest_route=\/wp\/v2\/posts\/7732\/revisions"}],"predecessor-version":[{"id":7740,"href":"https:\/\/www.mouthiers-sur-boeme.fr\/index.php?rest_route=\/wp\/v2\/posts\/7732\/revisions\/7740"}],"wp:featuredmedia":[{"embeddable":true,"href":"https:\/\/www.mouthiers-sur-boeme.fr\/index.php?rest_route=\/wp\/v2\/media\/7737"}],"wp:attachment":[{"href":"https:\/\/www.mouthiers-sur-boeme.fr\/index.php?rest_route=%2Fwp%2Fv2%2Fmedia&parent=7732"}],"wp:term":[{"taxonomy":"category","embeddable":true,"href":"https:\/\/www.mouthiers-sur-boeme.fr\/index.php?rest_route=%2Fwp%2Fv2%2Fcategories&post=7732"},{"taxonomy":"post_tag","embeddable":true,"href":"https:\/\/www.mouthiers-sur-boeme.fr\/index.php?rest_route=%2Fwp%2Fv2%2Ftags&post=7732"}],"curies":[{"name":"wp","href":"https:\/\/api.w.org\/{rel}","templated":true}]}}