{"id":7759,"date":"2019-11-05T19:42:36","date_gmt":"2019-11-05T18:42:36","guid":{"rendered":"https:\/\/www.mouthiers-sur-boeme.fr\/?p=7759"},"modified":"2019-11-05T22:59:39","modified_gmt":"2019-11-05T21:59:39","slug":"dans-lagglomeration-en-novembre-la-nef-et-lalpha","status":"publish","type":"post","link":"https:\/\/www.mouthiers-sur-boeme.fr\/?p=7759","title":{"rendered":"Dans l&rsquo;agglom\u00e9ration en novembre : La Nef et l&rsquo;Alpha"},"content":{"rendered":"<p><strong>LA NEF<\/strong><\/p>\n<p>Les fr\u00e8res casquettes mercredi 13 novembre 14h30<\/p>\n<p>Miossec + Luis Fransesco Arena\u00a0 jeudi 28 novembre 19h30 restauration sur place<\/p>\n<p>Contact pour tout renseignement : La Nef 05 45 25 97 00<\/p>\n<p>&nbsp;<\/p>\n<p><strong>L&rsquo;ALPHA<\/strong><\/p>\n<p>Rencontre avec Jeroen Olyslagers (dans le cadre des litt\u00e9ratures europ\u00e9ennes) &#8211; jeudi 14 novembre \u00e0 18h &#8211; auditorium<\/p>\n<p>Atelier multim\u00e9dia : tout ce qu&rsquo;il faut savoir sur les r\u00e9seaux sociaux &#8211; vendredi 15 novembre<\/p>\n<p>Concours d&rsquo;\u00e9criture de sc\u00e9nario BD &#8211; M\u00e9diath\u00e8que la M\u00e9diaporte Ruelle-sur-Touvre<\/p>\n<p>Conf\u00e9rence \u00ab\u00a0l&rsquo;humour et la satire : l&rsquo;exemple des Guignols de l&rsquo;info et de Groland\u00a0\u00bb en pr\u00e9sence de Beno\u00eet Del\u00e9pine, Jean-Fran\u00e7ois Halin. Marie Duret-Pujol &#8211; samedi 30 novembre \u00e0 15h &#8211; auditorium.<\/p>\n","protected":false},"excerpt":{"rendered":"<p>LA NEF Les fr\u00e8res casquettes mercredi 13 novembre 14h30 Miossec + Luis Fransesco Arena\u00a0 jeudi 28 novembre 19h30 restauration sur place Contact pour tout renseignement : La Nef 05 45 25 97 00 &nbsp; L&rsquo;ALPHA Rencontre avec Jeroen Olyslagers (dans le cadre des litt\u00e9ratures europ\u00e9ennes) &#8211; jeudi 14 novembre \u00e0 18h &#8211; auditorium Atelier multim\u00e9dia &hellip; <a href=\"https:\/\/www.mouthiers-sur-boeme.fr\/?p=7759\" class=\"more-link\">Continuer la lecture de <span class=\"screen-reader-text\">Dans l&rsquo;agglom\u00e9ration en novembre : La Nef et l&rsquo;Alpha<\/span>  <span class=\"meta-nav\">&rarr;<\/span><\/a><\/p>\n","protected":false},"author":22,"featured_media":0,"comment_status":"open","ping_status":"open","sticky":false,"template":"","format":"standard","meta":[],"categories":[85],"tags":[],"_links":{"self":[{"href":"https:\/\/www.mouthiers-sur-boeme.fr\/index.php?rest_route=\/wp\/v2\/posts\/7759"}],"collection":[{"href":"https:\/\/www.mouthiers-sur-boeme.fr\/index.php?rest_route=\/wp\/v2\/posts"}],"about":[{"href":"https:\/\/www.mouthiers-sur-boeme.fr\/index.php?rest_route=\/wp\/v2\/types\/post"}],"author":[{"embeddable":true,"href":"https:\/\/www.mouthiers-sur-boeme.fr\/index.php?rest_route=\/wp\/v2\/users\/22"}],"replies":[{"embeddable":true,"href":"https:\/\/www.mouthiers-sur-boeme.fr\/index.php?rest_route=%2Fwp%2Fv2%2Fcomments&post=7759"}],"version-history":[{"count":2,"href":"https:\/\/www.mouthiers-sur-boeme.fr\/index.php?rest_route=\/wp\/v2\/posts\/7759\/revisions"}],"predecessor-version":[{"id":7761,"href":"https:\/\/www.mouthiers-sur-boeme.fr\/index.php?rest_route=\/wp\/v2\/posts\/7759\/revisions\/7761"}],"wp:attachment":[{"href":"https:\/\/www.mouthiers-sur-boeme.fr\/index.php?rest_route=%2Fwp%2Fv2%2Fmedia&parent=7759"}],"wp:term":[{"taxonomy":"category","embeddable":true,"href":"https:\/\/www.mouthiers-sur-boeme.fr\/index.php?rest_route=%2Fwp%2Fv2%2Fcategories&post=7759"},{"taxonomy":"post_tag","embeddable":true,"href":"https:\/\/www.mouthiers-sur-boeme.fr\/index.php?rest_route=%2Fwp%2Fv2%2Ftags&post=7759"}],"curies":[{"name":"wp","href":"https:\/\/api.w.org\/{rel}","templated":true}]}}