{"id":7784,"date":"2019-11-18T22:38:31","date_gmt":"2019-11-18T21:38:31","guid":{"rendered":"https:\/\/www.mouthiers-sur-boeme.fr\/?p=7784"},"modified":"2019-12-12T07:54:10","modified_gmt":"2019-12-12T06:54:10","slug":"jeudi-28-novembre","status":"publish","type":"post","link":"https:\/\/www.mouthiers-sur-boeme.fr\/?p=7784","title":{"rendered":"Jeudi 28 novembre \u00e0 20h30"},"content":{"rendered":"<header>\n<h1 class=\"crayon article-titre-1440 \"><img loading=\"lazy\" class=\"alignnone size-medium wp-image-7786\" src=\"https:\/\/www.mouthiers-sur-boeme.fr\/wp-content\/uploads\/2019\/11\/aqua-hironcelles-cde-Kaboul-300x169.jpg\" alt=\"\" width=\"300\" height=\"169\" \/><\/h1>\n<h1 class=\"crayon article-titre-1440 \">Les Hirondelles de Kaboul<\/h1>\n<div class=\"chapo crayon article-chapo-1440 clearfix\">\n<p>De <strong>Zabou Breitman, El\u00e9a Gobb\u00e9-M\u00e9vellec<\/strong> <br class=\"autobr\" \/> Avec <strong>Simon Abkarian, Zita Hanrot, Swann Arlaud<\/strong> <br class=\"autobr\" \/> Genre <strong>Animation<\/strong><br class=\"autobr\" \/> Nationalit\u00e9 <strong>fran\u00e7ais<\/strong> <br class=\"autobr\" \/> Dur\u00e9e <strong>1h 21<\/strong><\/p>\n<\/div>\n<\/header>\n<hr \/>\n<div class=\"crayon article-texte-1440 clearfix\">\n<p>\u00c9t\u00e9 1998, Kaboul en ruines est occup\u00e9e par les talibans. Mohsen et Zunaira sont jeunes, ils s\u2019aiment profond\u00e9ment. En d\u00e9pit de la violence et de la mis\u00e8re quotidienne, ils veulent croire en l\u2019avenir. Un geste insens\u00e9 de Mohsen va faire basculer leurs vies.<\/p>\n<p>Le film a re\u00e7u le Valois de Diamant du festival francophone d\u2019Angoul\u00eame, et a \u00e9galement \u00e9t\u00e9 r\u00e9compens\u00e9 par le Valois de la Musique, pour Alexis Rault<\/p>\n<p><a href=\"https:\/\/www.crcatb.fr\/films-cinema-charente-crcatb\/article\/les-hirondelles-de-kaboul\" target=\"_blank\" rel=\"noopener\">Site du CRCATB<\/a><\/p>\n<p><img loading=\"lazy\" class=\"alignnone size-medium wp-image-7788\" src=\"https:\/\/www.mouthiers-sur-boeme.fr\/wp-content\/uploads\/2019\/11\/Aquarelle-hirondelles-de-Kaboul-300x165.jpg\" alt=\"\" width=\"300\" height=\"165\" \/><\/p>\n<\/div>\n","protected":false},"excerpt":{"rendered":"<p>Les Hirondelles de Kaboul De Zabou Breitman, El\u00e9a Gobb\u00e9-M\u00e9vellec Avec Simon Abkarian, Zita Hanrot, Swann Arlaud Genre Animation Nationalit\u00e9 fran\u00e7ais Dur\u00e9e 1h 21 \u00c9t\u00e9 1998, Kaboul en ruines est occup\u00e9e par les talibans. Mohsen et Zunaira sont jeunes, ils s\u2019aiment profond\u00e9ment. En d\u00e9pit de la violence et de la mis\u00e8re quotidienne, ils veulent croire en &hellip; <a href=\"https:\/\/www.mouthiers-sur-boeme.fr\/?p=7784\" class=\"more-link\">Continuer la lecture de <span class=\"screen-reader-text\">Jeudi 28 novembre \u00e0 20h30<\/span>  <span class=\"meta-nav\">&rarr;<\/span><\/a><\/p>\n","protected":false},"author":22,"featured_media":0,"comment_status":"open","ping_status":"open","sticky":false,"template":"","format":"standard","meta":[],"categories":[65,71],"tags":[],"_links":{"self":[{"href":"https:\/\/www.mouthiers-sur-boeme.fr\/index.php?rest_route=\/wp\/v2\/posts\/7784"}],"collection":[{"href":"https:\/\/www.mouthiers-sur-boeme.fr\/index.php?rest_route=\/wp\/v2\/posts"}],"about":[{"href":"https:\/\/www.mouthiers-sur-boeme.fr\/index.php?rest_route=\/wp\/v2\/types\/post"}],"author":[{"embeddable":true,"href":"https:\/\/www.mouthiers-sur-boeme.fr\/index.php?rest_route=\/wp\/v2\/users\/22"}],"replies":[{"embeddable":true,"href":"https:\/\/www.mouthiers-sur-boeme.fr\/index.php?rest_route=%2Fwp%2Fv2%2Fcomments&post=7784"}],"version-history":[{"count":4,"href":"https:\/\/www.mouthiers-sur-boeme.fr\/index.php?rest_route=\/wp\/v2\/posts\/7784\/revisions"}],"predecessor-version":[{"id":7791,"href":"https:\/\/www.mouthiers-sur-boeme.fr\/index.php?rest_route=\/wp\/v2\/posts\/7784\/revisions\/7791"}],"wp:attachment":[{"href":"https:\/\/www.mouthiers-sur-boeme.fr\/index.php?rest_route=%2Fwp%2Fv2%2Fmedia&parent=7784"}],"wp:term":[{"taxonomy":"category","embeddable":true,"href":"https:\/\/www.mouthiers-sur-boeme.fr\/index.php?rest_route=%2Fwp%2Fv2%2Fcategories&post=7784"},{"taxonomy":"post_tag","embeddable":true,"href":"https:\/\/www.mouthiers-sur-boeme.fr\/index.php?rest_route=%2Fwp%2Fv2%2Ftags&post=7784"}],"curies":[{"name":"wp","href":"https:\/\/api.w.org\/{rel}","templated":true}]}}