{"id":7824,"date":"2019-12-21T12:30:09","date_gmt":"2019-12-21T11:30:09","guid":{"rendered":"https:\/\/www.mouthiers-sur-boeme.fr\/?p=7824"},"modified":"2020-02-12T07:57:44","modified_gmt":"2020-02-12T06:57:44","slug":"concert-gratuit-samedi-18-janvier","status":"publish","type":"post","link":"https:\/\/www.mouthiers-sur-boeme.fr\/?p=7824","title":{"rendered":"CONCERT  gratuit samedi 18 janvier"},"content":{"rendered":"<p><img loading=\"lazy\" class=\"alignnone size-medium wp-image-7825\" src=\"https:\/\/www.mouthiers-sur-boeme.fr\/wp-content\/uploads\/2019\/12\/Affiche-4-d\u00e9f-de-d\u00e9f-212x300.jpeg\" alt=\"\" width=\"212\" height=\"300\" srcset=\"https:\/\/www.mouthiers-sur-boeme.fr\/wp-content\/uploads\/2019\/12\/Affiche-4-d\u00e9f-de-d\u00e9f-212x300.jpeg 212w, https:\/\/www.mouthiers-sur-boeme.fr\/wp-content\/uploads\/2019\/12\/Affiche-4-d\u00e9f-de-d\u00e9f-768x1087.jpeg 768w, https:\/\/www.mouthiers-sur-boeme.fr\/wp-content\/uploads\/2019\/12\/Affiche-4-d\u00e9f-de-d\u00e9f-724x1024.jpeg 724w, https:\/\/www.mouthiers-sur-boeme.fr\/wp-content\/uploads\/2019\/12\/Affiche-4-d\u00e9f-de-d\u00e9f.jpeg 826w\" sizes=\"(max-width: 212px) 100vw, 212px\" \/><\/p>\n<p align=\"center\"><span style=\"font-family: Arial, serif;\"><span style=\"font-size: small;\"><b>Op\u00e9ra\/rette<\/b><\/span><\/span><\/p>\n<p align=\"center\"><span style=\"font-family: Arial, serif;\"><span style=\"font-size: small;\"><b>Programme pr\u00e9visionnel<\/b><\/span><\/span><\/p>\n<p align=\"justify\"><span style=\"font-family: Arial, serif;\"><span style=\"font-size: small;\"><b>Premi\u00e8re partie<\/b><\/span><\/span><\/p>\n<p align=\"justify\"><span style=\"font-family: Arial, serif;\"><span style=\"font-size: small;\">Pomp and circumstance \u2013 Edward Elgar, s\u00e9rie de cinq marches<\/span><\/span><\/p>\n<ul>\n<li>\n<p align=\"justify\"><span style=\"font-family: Arial, serif;\"><span style=\"font-size: small;\"><i><b>1\/ Marche N\u00b0 1 \u2013 4 min \u2013 Rachel Torres Mc Farling<\/b><\/i><\/span><\/span><\/p>\n<\/li>\n<\/ul>\n<p align=\"justify\"><span style=\"font-family: Arial, serif;\"><span style=\"font-size: small;\">La P\u00e9richole \u2013 Henri Meilhac et Ludovic Hal\u00e9vy, Jacques Offenbach<\/span><\/span><\/p>\n<ul>\n<li><span style=\"font-family: Arial, serif;\"><span style=\"font-size: small;\"><i><b>2\/ Griserie \u2013 2 min 20 \u2013 <\/b><\/i><\/span><\/span><span style=\"color: #ff0000;\"><span style=\"font-family: Arial, serif;\"><span style=\"font-size: small;\"><i><b>Pauline Josselin<\/b><\/i><\/span><\/span><\/span><\/li>\n<\/ul>\n<p align=\"justify\"><span style=\"font-family: Arial, serif;\"><span style=\"font-size: small;\">La Fille du Tambour Major \u2013 Alfred Duru et Henri Chivot, Jacques Offenbach<\/span><\/span><\/p>\n<ul>\n<li>\n<p align=\"justify\"><span style=\"font-family: Arial, serif;\"><span style=\"font-size: small;\"><i><b>3\/ Que m\u2019importe un titre \u00e9clatant \u2013 2 min 15 \u2013 <\/b><\/i><\/span><\/span><span style=\"color: #00b050;\"><span style=\"font-family: Arial, serif;\"><span style=\"font-size: small;\"><i><b>Laure Pauliat<\/b><\/i><\/span><\/span><\/span><\/p>\n<\/li>\n<\/ul>\n<p align=\"justify\"><span style=\"font-family: Arial, serif;\"><span style=\"font-size: small;\">Valse viennoise<\/span><\/span><\/p>\n<ul>\n<li>\n<p align=\"justify\"><span style=\"font-family: Arial, serif;\"><span style=\"font-size: small;\"><i><b>4\/ Les voix du printemps \u2013 Johann Strauss \u2013 6 min 35 \u2013 <\/b><\/i><\/span><\/span><span style=\"color: #bf8f00;\"><span style=\"font-family: Arial, serif;\"><span style=\"font-size: small;\"><i><b>Anne-Sophie Ferry<\/b><\/i><\/span><\/span><\/span><\/p>\n<\/li>\n<\/ul>\n<p align=\"justify\"><span style=\"font-family: Arial, serif;\"><span style=\"font-size: small;\">Lakm\u00e9 \u2013 Edmond Gondinet et Philippe Gille, L\u00e9o Delibes, d\u2019apr\u00e8s Pierre Lotti<\/span><\/span><\/p>\n<ul>\n<li>\n<p align=\"justify\"><span style=\"font-family: Arial, serif;\"><span style=\"font-size: small;\"><i><b>6\/ Le Duo des Fleurs \u2013 6 min 40 \u2013 <\/b><\/i><\/span><\/span><span style=\"color: #ff0000;\"><span style=\"font-family: Arial, serif;\"><span style=\"font-size: small;\"><i><b>Pauline Josselin<\/b><\/i><\/span><\/span><\/span><span style=\"font-family: Arial, serif;\"><span style=\"font-size: small;\"><i><b>, <\/b><\/i><\/span><\/span><span style=\"color: #00b050;\"><span style=\"font-family: Arial, serif;\"><span style=\"font-size: small;\"><i><b>Laure Pauliat<\/b><\/i><\/span><\/span><\/span><\/p>\n<\/li>\n<\/ul>\n<p align=\"justify\"><span style=\"font-family: Arial, serif;\"><span style=\"font-size: small;\">Chanson italienne<\/span><\/span><\/p>\n<ul>\n<li>\n<p align=\"justify\"><span style=\"font-family: Arial, serif;\"><span style=\"font-size: small;\"><i><b>7\/ Funiculi funicula \u2013 Giuseppe Turco, Luigi Denza \u2013 Ode au funiculaire du V\u00e9suve pour comm\u00e9morer le premier anniversaire de son inauguration \u2013 2 min 45 \u2013 <\/b><\/i><\/span><\/span><span style=\"color: #2f5496;\"><span style=\"font-family: Arial, serif;\"><span style=\"font-size: small;\"><i><b>Damien Barbier<\/b><\/i><\/span><\/span><\/span><\/p>\n<\/li>\n<\/ul>\n<p align=\"justify\"><span style=\"font-family: Arial, serif;\"><span style=\"font-size: small;\">Les contes d\u2019Hoffmann<\/span><\/span><\/p>\n<ul>\n<li>\n<p align=\"justify\"><span style=\"font-family: Arial, serif;\"><span style=\"font-size: small;\"><i><b>8\/ Barcarolle \u2013 <\/b><\/i><\/span><\/span><span style=\"color: #bf8f00;\"><span style=\"font-family: Arial, serif;\"><span style=\"font-size: small;\"><i><b>Anne-Sophie Ferry<\/b><\/i><\/span><\/span><\/span><span style=\"font-family: Arial, serif;\"><span style=\"font-size: small;\"><i><b>, <\/b><\/i><\/span><\/span><span style=\"color: #ff0000;\"><span style=\"font-family: Arial, serif;\"><span style=\"font-size: small;\"><i><b>Pauline Josselin<\/b><\/i><\/span><\/span><\/span><\/p>\n<\/li>\n<\/ul>\n<p align=\"justify\"><span style=\"font-family: Arial, serif;\"><span style=\"font-size: small;\">Carmen \u2013 Henri Meilhac et Ludovic Hal\u00e9vy, Georges Bizet, d\u2019apr\u00e8s Prosper M\u00e9rim\u00e9e<\/span><\/span><\/p>\n<ul>\n<li>\n<p align=\"justify\"><span style=\"font-family: Arial, serif;\"><span style=\"font-size: small;\"><i><b>9\/ La Habanera \u2013 4 min 30 \u2013 <\/b><\/i><\/span><\/span><span style=\"color: #bf8f00;\"><span style=\"font-family: Arial, serif;\"><span style=\"font-size: small;\"><i><b>Anne-Sophie Ferry<\/b><\/i><\/span><\/span><\/span><span style=\"font-family: Arial, serif;\"><span style=\"font-size: small;\"><i><b>, <\/b><\/i><\/span><\/span><span style=\"color: #ff0000;\"><span style=\"font-family: Arial, serif;\"><span style=\"font-size: small;\"><i><b>Pauline Josselin<\/b><\/i><\/span><\/span><\/span><span style=\"font-family: Arial, serif;\"><span style=\"font-size: small;\"><i><b>, <\/b><\/i><\/span><\/span><span style=\"color: #00b050;\"><span style=\"font-family: Arial, serif;\"><span style=\"font-size: small;\"><i><b>Laure Pauliat<\/b><\/i><\/span><\/span><\/span><span style=\"font-family: Arial, serif;\"><span style=\"font-size: small;\"><i><b>, <\/b><\/i><\/span><\/span><span style=\"color: #2f5496;\"><span style=\"font-family: Arial, serif;\"><span style=\"font-size: small;\"><i><b>Damien Barbier<\/b><\/i><\/span><\/span><\/span><\/p>\n<\/li>\n<\/ul>\n<p><span style=\"font-family: Arial, serif;\"><span style=\"font-size: small;\"><b><span style=\"color: #000000;\">En<\/span><\/b><\/span><\/span><\/p>\n<p><a name=\"_GoBack\"><\/a> <span style=\"font-family: Arial, serif;\"><span style=\"font-size: small;\"><b><span style=\"color: #000000;\">tracte<\/span><\/b><\/span><\/span><\/p>\n<p><span style=\"font-family: Arial, serif;\"><span style=\"font-size: small;\"><b><span style=\"color: #000000;\">Deuxi\u00e8me partie<\/span><\/b><\/span><\/span><\/p>\n<p align=\"justify\"><span style=\"font-family: Arial, serif;\"><span style=\"font-size: small;\">Piano ( \u00e0 pr\u00e9ciser)<\/span><\/span><\/p>\n<ul>\n<li>\n<p align=\"justify\"><span style=\"font-family: Arial, serif;\"><span style=\"font-size: small;\"><i><b>1\/ 4 min \u2013 Rachel Torres Mc Farling<\/b><\/i><\/span><\/span><\/p>\n<\/li>\n<\/ul>\n<p align=\"justify\"><span style=\"font-family: Arial, serif;\"><span style=\"font-size: small;\">Rom\u00e9o et Juliette \u2013 Jules Barbier et Michel Carr\u00e9, Charles Gounod<\/span><\/span><\/p>\n<ul>\n<li>\n<p align=\"justify\"><span style=\"font-family: Arial, serif;\"><span style=\"font-size: small;\"><i><b>2\/ Je veux vivre \u2013 3 min 50 \u2013 <\/b><\/i><\/span><\/span><span style=\"color: #bf8f00;\"><span style=\"font-family: Arial, serif;\"><span style=\"font-size: small;\"><i><b>Anne-Sophie Ferry<\/b><\/i><\/span><\/span><\/span><\/p>\n<\/li>\n<\/ul>\n<p align=\"justify\"><span style=\"font-family: Arial, serif;\"><span style=\"font-size: small;\">La Veuve Joyeuse \u2013 Victor L\u00e9on et L\u00e9o Stein, Franz Leh\u00e1r, d\u2019apr\u00e8s Henri Meilhac<\/span><\/span><\/p>\n<ul>\n<li>\n<p align=\"justify\"><span style=\"font-family: Arial, serif;\"><span style=\"font-size: small;\"><i><b>3\/ L\u2019heure exquise \u2013 3 min 25 \u2013 <\/b><\/i><\/span><\/span><span style=\"color: #00b050;\"><span style=\"font-family: Arial, serif;\"><span style=\"font-size: small;\"><i><b>Laure Pauliat<\/b><\/i><\/span><\/span><\/span><span style=\"color: #538135;\"><span style=\"font-family: Arial, serif;\"><span style=\"font-size: small;\"><i><b>, <\/b><\/i><\/span><\/span><\/span><span style=\"color: #2f5496;\"><span style=\"font-family: Arial, serif;\"><span style=\"font-size: small;\"><i><b>Damien Barbier<\/b><\/i><\/span><\/span><\/span><\/p>\n<\/li>\n<\/ul>\n<p align=\"justify\"><span style=\"font-family: Arial, serif;\"><span style=\"font-size: small;\">L\u2019Italienne \u00e0 Alger \u2013 Angelo Anelli, Gioachino Rossini<\/span><\/span><\/p>\n<ul>\n<li>\n<p align=\"justify\"><span style=\"font-family: Arial, serif;\"><span style=\"font-size: small;\"><i><b>4\/ Cruda sorte ! Amor Tiranno \u2013 4 min 50 \u2013 <\/b><\/i><\/span><\/span><span style=\"color: #ff0000;\"><span style=\"font-family: Arial, serif;\"><span style=\"font-size: small;\"><i><b>Pauline Josselin<\/b><\/i><\/span><\/span><\/span><\/p>\n<\/li>\n<\/ul>\n<p align=\"justify\"><span style=\"font-family: Arial, serif;\"><span style=\"font-size: small;\">Don Pasquale \u2013 Giovanni Ruffini, Gaetano Donizetti<\/span><\/span><\/p>\n<ul>\n<li>\n<p align=\"justify\"><span style=\"font-family: Arial, serif;\"><span style=\"font-size: small;\"><i><b>5\/<\/b><\/i><\/span><\/span><i> <\/i><span style=\"font-family: Arial, serif;\"><span style=\"font-size: small;\"><i><b>Quel guardo il cavaliere \u2013 5 min 55 \u2013 <\/b><\/i><\/span><\/span><span style=\"color: #00b050;\"><span style=\"font-family: Arial, serif;\"><span style=\"font-size: small;\"><i><b>Laure Pauliat<\/b><\/i><\/span><\/span><\/span><\/p>\n<\/li>\n<\/ul>\n<p align=\"justify\"><span style=\"font-family: Arial, serif;\"><span style=\"font-size: small;\">La Belle H\u00e9l\u00e8ne \u2013 Henri Meilhac et Ludovic Hal\u00e9vy, Jacques Offenbach<\/span><\/span><\/p>\n<ul>\n<li>\n<p align=\"justify\"><span style=\"font-family: Arial, serif;\"><span style=\"font-size: small;\"><i><b>6\/ Le jugement de P\u00e2ris \u2013 3 min 30 \u2013 <\/b><\/i><\/span><\/span><span style=\"color: #2f5496;\"><span style=\"font-family: Arial, serif;\"><span style=\"font-size: small;\"><i><b>Damien Barbier<\/b><\/i><\/span><\/span><\/span><\/p>\n<\/li>\n<\/ul>\n<p align=\"justify\"><span style=\"font-family: Arial, serif;\"><span style=\"font-size: small;\">Les Contes d\u2019Hoffmann \u2013 Jules Barbier, Jacques Offenbach<\/span><\/span><\/p>\n<ul>\n<li>\n<p align=\"justify\"><span style=\"font-family: Arial, serif;\"><span style=\"font-size: small;\"><i><b>7\/ Air d\u2019Olympia \u2013 6 min 30 \u2013 <\/b><\/i><\/span><\/span><span style=\"color: #bf8f00;\"><span style=\"font-family: Arial, serif;\"><span style=\"font-size: small;\"><i><b>Anne-Sophie Ferry<\/b><\/i><\/span><\/span><\/span><\/p>\n<\/li>\n<\/ul>\n<p align=\"justify\"><span style=\"font-family: Arial, serif;\"><span style=\"font-size: small;\">La Vie Parisienne \u2013 Henri Meilhac et Ludovic Hal\u00e9vy, Jacques Offenbach<\/span><\/span><\/p>\n<ul>\n<li>\n<p align=\"justify\"><span style=\"font-family: Arial, serif;\"><span style=\"font-size: small;\"><i><b>8\/ Je suis veuve d\u2019un colonel \u2013 2 min 40 \u2013 <\/b><\/i><\/span><\/span><span style=\"color: #538135;\"><span style=\"font-family: Arial, serif;\"><span style=\"font-size: small;\"><i><b>Laure Pauliat<\/b><\/i><\/span><\/span><\/span><\/p>\n<\/li>\n<\/ul>\n<p align=\"justify\"><span style=\"font-family: Arial, serif;\"><span style=\"font-size: small;\">La Traviata \u2013 Francesco Maria Piave, Giuseppe Verdi, d\u2019apr\u00e8s Alexandre Dumas<\/span><\/span><\/p>\n<ul>\n<li>\n<p align=\"justify\"><span style=\"font-family: Arial, serif;\"><span style=\"font-size: small;\"><i><b>9\/ Libiamo \u2013 3 min 05 \u2013 <\/b><\/i><\/span><\/span><span style=\"color: #bf8f00;\"><span style=\"font-family: Arial, serif;\"><span style=\"font-size: small;\"><i><b>Anne-Sophie Ferry<\/b><\/i><\/span><\/span><\/span><span style=\"font-family: Arial, serif;\"><span style=\"font-size: small;\"><i><b>, <\/b><\/i><\/span><\/span><span style=\"color: #ff0000;\"><span style=\"font-family: Arial, serif;\"><span style=\"font-size: small;\"><i><b>Pauline Josselin<\/b><\/i><\/span><\/span><\/span><span style=\"font-family: Arial, serif;\"><span style=\"font-size: small;\"><i><b>, <\/b><\/i><\/span><\/span><span style=\"color: #00b050;\"><span style=\"font-family: Arial, serif;\"><span style=\"font-size: small;\"><i><b>Laure Pauliat<\/b><\/i><\/span><\/span><\/span><span style=\"font-family: Arial, serif;\"><span style=\"font-size: small;\"><i><b>, <\/b><\/i><\/span><\/span><span style=\"color: #2f5496;\"><span style=\"font-family: Arial, serif;\"><span style=\"font-size: small;\"><i><b>Damien Barbier<\/b><\/i><\/span><\/span><\/span><\/p>\n<\/li>\n<\/ul>\n<p>&nbsp;<\/p>\n<p><img loading=\"lazy\" class=\"alignnone size-medium wp-image-7826\" src=\"https:\/\/www.mouthiers-sur-boeme.fr\/wp-content\/uploads\/2019\/12\/Flyer-d\u00e9f-de-d\u00e9f-212x300.jpeg\" alt=\"\" width=\"212\" height=\"300\" srcset=\"https:\/\/www.mouthiers-sur-boeme.fr\/wp-content\/uploads\/2019\/12\/Flyer-d\u00e9f-de-d\u00e9f-212x300.jpeg 212w, https:\/\/www.mouthiers-sur-boeme.fr\/wp-content\/uploads\/2019\/12\/Flyer-d\u00e9f-de-d\u00e9f-768x1087.jpeg 768w, https:\/\/www.mouthiers-sur-boeme.fr\/wp-content\/uploads\/2019\/12\/Flyer-d\u00e9f-de-d\u00e9f-724x1024.jpeg 724w, https:\/\/www.mouthiers-sur-boeme.fr\/wp-content\/uploads\/2019\/12\/Flyer-d\u00e9f-de-d\u00e9f.jpeg 826w\" sizes=\"(max-width: 212px) 100vw, 212px\" \/><\/p>\n","protected":false},"excerpt":{"rendered":"<p>Op\u00e9ra\/rette Programme pr\u00e9visionnel Premi\u00e8re partie Pomp and circumstance \u2013 Edward Elgar, s\u00e9rie de cinq marches 1\/ Marche N\u00b0 1 \u2013 4 min \u2013 Rachel Torres Mc Farling La P\u00e9richole \u2013 Henri Meilhac et Ludovic Hal\u00e9vy, Jacques Offenbach 2\/ Griserie \u2013 2 min 20 \u2013 Pauline Josselin La Fille du Tambour Major \u2013 Alfred Duru et &hellip; <a href=\"https:\/\/www.mouthiers-sur-boeme.fr\/?p=7824\" class=\"more-link\">Continuer la lecture de <span class=\"screen-reader-text\">CONCERT  gratuit samedi 18 janvier<\/span>  <span class=\"meta-nav\">&rarr;<\/span><\/a><\/p>\n","protected":false},"author":22,"featured_media":7827,"comment_status":"open","ping_status":"open","sticky":false,"template":"","format":"standard","meta":[],"categories":[71,74],"tags":[],"_links":{"self":[{"href":"https:\/\/www.mouthiers-sur-boeme.fr\/index.php?rest_route=\/wp\/v2\/posts\/7824"}],"collection":[{"href":"https:\/\/www.mouthiers-sur-boeme.fr\/index.php?rest_route=\/wp\/v2\/posts"}],"about":[{"href":"https:\/\/www.mouthiers-sur-boeme.fr\/index.php?rest_route=\/wp\/v2\/types\/post"}],"author":[{"embeddable":true,"href":"https:\/\/www.mouthiers-sur-boeme.fr\/index.php?rest_route=\/wp\/v2\/users\/22"}],"replies":[{"embeddable":true,"href":"https:\/\/www.mouthiers-sur-boeme.fr\/index.php?rest_route=%2Fwp%2Fv2%2Fcomments&post=7824"}],"version-history":[{"count":1,"href":"https:\/\/www.mouthiers-sur-boeme.fr\/index.php?rest_route=\/wp\/v2\/posts\/7824\/revisions"}],"predecessor-version":[{"id":7828,"href":"https:\/\/www.mouthiers-sur-boeme.fr\/index.php?rest_route=\/wp\/v2\/posts\/7824\/revisions\/7828"}],"wp:featuredmedia":[{"embeddable":true,"href":"https:\/\/www.mouthiers-sur-boeme.fr\/index.php?rest_route=\/wp\/v2\/media\/7827"}],"wp:attachment":[{"href":"https:\/\/www.mouthiers-sur-boeme.fr\/index.php?rest_route=%2Fwp%2Fv2%2Fmedia&parent=7824"}],"wp:term":[{"taxonomy":"category","embeddable":true,"href":"https:\/\/www.mouthiers-sur-boeme.fr\/index.php?rest_route=%2Fwp%2Fv2%2Fcategories&post=7824"},{"taxonomy":"post_tag","embeddable":true,"href":"https:\/\/www.mouthiers-sur-boeme.fr\/index.php?rest_route=%2Fwp%2Fv2%2Ftags&post=7824"}],"curies":[{"name":"wp","href":"https:\/\/api.w.org\/{rel}","templated":true}]}}