{"id":7831,"date":"2019-12-23T11:59:09","date_gmt":"2019-12-23T10:59:09","guid":{"rendered":"https:\/\/www.mouthiers-sur-boeme.fr\/?p=7831"},"modified":"2020-01-13T07:56:28","modified_gmt":"2020-01-13T06:56:28","slug":"jeudi-9-janvier-a-20h30","status":"publish","type":"post","link":"https:\/\/www.mouthiers-sur-boeme.fr\/?p=7831","title":{"rendered":"Jeudi 9 janvier \u00e0 20h30"},"content":{"rendered":"<header>\n<h1 class=\"crayon article-titre-1497 \"><img loading=\"lazy\" class=\"alignnone size-medium wp-image-7832\" src=\"https:\/\/www.mouthiers-sur-boeme.fr\/wp-content\/uploads\/2019\/12\/la_belle_epoque_affiche-210x300.jpg\" alt=\"\" width=\"210\" height=\"300\" \/><\/h1>\n<h1 class=\"crayon article-titre-1497 \">La Belle \u00e9poque<\/h1>\n<div class=\"chapo crayon article-chapo-1497 clearfix\">\n<p>De <strong>Nicolas Bedos<\/strong> <br class=\"autobr\" \/> Avec <strong>Daniel Auteuil, Guillaume Canet, Doria Tillier<\/strong> <br class=\"autobr\" \/> Genres <strong>Romance, Com\u00e9die dramatique<\/strong> <br class=\"autobr\" \/> Nationalit\u00e9 <strong>fran\u00e7ais<\/strong> <br class=\"autobr\" \/> Dur\u00e9e <strong>1h 55<\/strong><\/p>\n<\/div>\n<\/header>\n<hr \/>\n<div class=\"crayon article-texte-1497 clearfix\">\n<p>Victor, un sexag\u00e9naire d\u00e9sabus\u00e9, voit sa vie boulevers\u00e9e le jour o\u00f9 Antoine, un brillant entrepreneur, lui propose une attraction d\u2019un genre nouveau\u00a0: m\u00e9langeant artifices th\u00e9\u00e2traux et reconstitution historique, cette entreprise propose \u00e0 ses clients de replonger dans l\u2019\u00e9poque de leur choix. Victor choisit alors de revivre la semaine la plus marquante de sa vie\u00a0: celle o\u00f9, 40 ans plus t\u00f4t, il rencontra le grand amour&#8230;<\/p>\n<\/div>\n<p><span style=\"color: #ff0000;\">PROCHAINE S\u00c9ANCE JEUDI 23 \u00c0 20H30<\/span><\/p>\n<p>Les mis\u00e9rables<\/p>\n<p><img loading=\"lazy\" class=\"alignnone size-medium wp-image-7850\" src=\"https:\/\/www.mouthiers-sur-boeme.fr\/wp-content\/uploads\/2019\/12\/Les-mis\u00e9rables-affiche-225x300.jpg\" alt=\"\" width=\"225\" height=\"300\" \/><\/p>\n","protected":false},"excerpt":{"rendered":"<p>La Belle \u00e9poque De Nicolas Bedos Avec Daniel Auteuil, Guillaume Canet, Doria Tillier Genres Romance, Com\u00e9die dramatique Nationalit\u00e9 fran\u00e7ais Dur\u00e9e 1h 55 Victor, un sexag\u00e9naire d\u00e9sabus\u00e9, voit sa vie boulevers\u00e9e le jour o\u00f9 Antoine, un brillant entrepreneur, lui propose une attraction d\u2019un genre nouveau\u00a0: m\u00e9langeant artifices th\u00e9\u00e2traux et reconstitution historique, cette entreprise propose \u00e0 ses &hellip; <a href=\"https:\/\/www.mouthiers-sur-boeme.fr\/?p=7831\" class=\"more-link\">Continuer la lecture de <span class=\"screen-reader-text\">Jeudi 9 janvier \u00e0 20h30<\/span>  <span class=\"meta-nav\">&rarr;<\/span><\/a><\/p>\n","protected":false},"author":22,"featured_media":0,"comment_status":"open","ping_status":"open","sticky":false,"template":"","format":"standard","meta":[],"categories":[65,71],"tags":[],"_links":{"self":[{"href":"https:\/\/www.mouthiers-sur-boeme.fr\/index.php?rest_route=\/wp\/v2\/posts\/7831"}],"collection":[{"href":"https:\/\/www.mouthiers-sur-boeme.fr\/index.php?rest_route=\/wp\/v2\/posts"}],"about":[{"href":"https:\/\/www.mouthiers-sur-boeme.fr\/index.php?rest_route=\/wp\/v2\/types\/post"}],"author":[{"embeddable":true,"href":"https:\/\/www.mouthiers-sur-boeme.fr\/index.php?rest_route=\/wp\/v2\/users\/22"}],"replies":[{"embeddable":true,"href":"https:\/\/www.mouthiers-sur-boeme.fr\/index.php?rest_route=%2Fwp%2Fv2%2Fcomments&post=7831"}],"version-history":[{"count":4,"href":"https:\/\/www.mouthiers-sur-boeme.fr\/index.php?rest_route=\/wp\/v2\/posts\/7831\/revisions"}],"predecessor-version":[{"id":7852,"href":"https:\/\/www.mouthiers-sur-boeme.fr\/index.php?rest_route=\/wp\/v2\/posts\/7831\/revisions\/7852"}],"wp:attachment":[{"href":"https:\/\/www.mouthiers-sur-boeme.fr\/index.php?rest_route=%2Fwp%2Fv2%2Fmedia&parent=7831"}],"wp:term":[{"taxonomy":"category","embeddable":true,"href":"https:\/\/www.mouthiers-sur-boeme.fr\/index.php?rest_route=%2Fwp%2Fv2%2Fcategories&post=7831"},{"taxonomy":"post_tag","embeddable":true,"href":"https:\/\/www.mouthiers-sur-boeme.fr\/index.php?rest_route=%2Fwp%2Fv2%2Ftags&post=7831"}],"curies":[{"name":"wp","href":"https:\/\/api.w.org\/{rel}","templated":true}]}}