{"id":7843,"date":"2019-12-26T16:26:32","date_gmt":"2019-12-26T15:26:32","guid":{"rendered":"https:\/\/www.mouthiers-sur-boeme.fr\/?p=7843"},"modified":"2020-02-12T08:02:40","modified_gmt":"2020-02-12T07:02:40","slug":"7843","status":"publish","type":"post","link":"https:\/\/www.mouthiers-sur-boeme.fr\/?p=7843","title":{"rendered":"Expo BD du 21 janvier au 1er f\u00e9vrier"},"content":{"rendered":"<p>Exposition de Janvier<\/p>\n<p align=\"justify\">Comme elle le fait chaque ann\u00e9e, dans le cadre du festival de la bande dessin\u00e9e d&rsquo;Angoul\u00eame, la MJC propose une exposition et une rencontre avec des dessinateurs\u00a0: cette ann\u00e9e, cette animation est une coproduction MJC-M\u00e9diath\u00e8que qui se d\u00e9roulera dans les locaux de la m\u00e9diath\u00e8que du 21 janvier au 1<sup>er<\/sup> f\u00e9vrier.<\/p>\n<p align=\"justify\">L&rsquo;exposition, sur le th\u00e8me des tarots, a \u00e9t\u00e9 r\u00e9alis\u00e9e par les dessinateurs de l&rsquo;Atelier du Marquis, \u00e0 Angoul\u00eame, et avait \u00e9t\u00e9 inaugur\u00e9e au CIBDI lors du festival de 2019.<\/p>\n<p align=\"justify\">2 ateliers accompagneront l&rsquo;exposition, le samedi 25 janvier, \u00e0 la m\u00e9diath\u00e8que. L&rsquo;un, \u00e0 partir de 10 heures, anim\u00e9 par Lucile Ahrweiller, pour un public d&rsquo;enfants de 2 \u00e0 10 ans, le second, \u00e0 partir de 15 heures, anim\u00e9 par C\u00e9cile Chicault, pour ados et adultes.<\/p>\n<p align=\"justify\">Un vernissage, avec s\u00e9ance de d\u00e9dicaces, suivra, \u00e0 partir de 17 heures 30. Plusieurs dessinateurs seront pr\u00e9sents pour cette rencontre avec le public (Jean-Luc Loyer, C\u00e9cile Chicault, Fawzi, Isabelle Dethan, Antoine Ozanan, Lucile Ahrweiller, Pierre Mazan, \u00c9ric Wantiez)<\/p>\n<p align=\"justify\">Seront \u00e9galement pr\u00e9sents Fran\u00e7ois Desforges (sculpteur) et Michel Lecointre (peintre) qui ont r\u00e9alis\u00e9 en 3 dimensions l&rsquo;une des cartes de tarots.<\/p>\n<p align=\"justify\">Ces animations sont gratuites, ouvertes \u00e0 tous publics, et l&rsquo;exposition sera visible aux heures d&rsquo;ouverture de la m\u00e9diath\u00e8que.<\/p>\n<p align=\"justify\"><img loading=\"lazy\" class=\"alignnone size-medium wp-image-7844\" src=\"https:\/\/www.mouthiers-sur-boeme.fr\/wp-content\/uploads\/2019\/12\/Exposition-de-janvier-Les-tarots-de-latelier-du-Marquis.-196x300.jpg\" alt=\"\" width=\"196\" height=\"300\" srcset=\"https:\/\/www.mouthiers-sur-boeme.fr\/wp-content\/uploads\/2019\/12\/Exposition-de-janvier-Les-tarots-de-latelier-du-Marquis.-196x300.jpg 196w, https:\/\/www.mouthiers-sur-boeme.fr\/wp-content\/uploads\/2019\/12\/Exposition-de-janvier-Les-tarots-de-latelier-du-Marquis.-768x1174.jpg 768w, https:\/\/www.mouthiers-sur-boeme.fr\/wp-content\/uploads\/2019\/12\/Exposition-de-janvier-Les-tarots-de-latelier-du-Marquis.-670x1024.jpg 670w\" sizes=\"(max-width: 196px) 100vw, 196px\" \/><\/p>\n","protected":false},"excerpt":{"rendered":"<p>Exposition de Janvier Comme elle le fait chaque ann\u00e9e, dans le cadre du festival de la bande dessin\u00e9e d&rsquo;Angoul\u00eame, la MJC propose une exposition et une rencontre avec des dessinateurs\u00a0: cette ann\u00e9e, cette animation est une coproduction MJC-M\u00e9diath\u00e8que qui se d\u00e9roulera dans les locaux de la m\u00e9diath\u00e8que du 21 janvier au 1er f\u00e9vrier. L&rsquo;exposition, sur &hellip; <a href=\"https:\/\/www.mouthiers-sur-boeme.fr\/?p=7843\" class=\"more-link\">Continuer la lecture de <span class=\"screen-reader-text\">Expo BD du 21 janvier au 1er f\u00e9vrier<\/span>  <span class=\"meta-nav\">&rarr;<\/span><\/a><\/p>\n","protected":false},"author":22,"featured_media":7846,"comment_status":"open","ping_status":"open","sticky":false,"template":"","format":"standard","meta":[],"categories":[20,17,71],"tags":[],"_links":{"self":[{"href":"https:\/\/www.mouthiers-sur-boeme.fr\/index.php?rest_route=\/wp\/v2\/posts\/7843"}],"collection":[{"href":"https:\/\/www.mouthiers-sur-boeme.fr\/index.php?rest_route=\/wp\/v2\/posts"}],"about":[{"href":"https:\/\/www.mouthiers-sur-boeme.fr\/index.php?rest_route=\/wp\/v2\/types\/post"}],"author":[{"embeddable":true,"href":"https:\/\/www.mouthiers-sur-boeme.fr\/index.php?rest_route=\/wp\/v2\/users\/22"}],"replies":[{"embeddable":true,"href":"https:\/\/www.mouthiers-sur-boeme.fr\/index.php?rest_route=%2Fwp%2Fv2%2Fcomments&post=7843"}],"version-history":[{"count":3,"href":"https:\/\/www.mouthiers-sur-boeme.fr\/index.php?rest_route=\/wp\/v2\/posts\/7843\/revisions"}],"predecessor-version":[{"id":7848,"href":"https:\/\/www.mouthiers-sur-boeme.fr\/index.php?rest_route=\/wp\/v2\/posts\/7843\/revisions\/7848"}],"wp:featuredmedia":[{"embeddable":true,"href":"https:\/\/www.mouthiers-sur-boeme.fr\/index.php?rest_route=\/wp\/v2\/media\/7846"}],"wp:attachment":[{"href":"https:\/\/www.mouthiers-sur-boeme.fr\/index.php?rest_route=%2Fwp%2Fv2%2Fmedia&parent=7843"}],"wp:term":[{"taxonomy":"category","embeddable":true,"href":"https:\/\/www.mouthiers-sur-boeme.fr\/index.php?rest_route=%2Fwp%2Fv2%2Fcategories&post=7843"},{"taxonomy":"post_tag","embeddable":true,"href":"https:\/\/www.mouthiers-sur-boeme.fr\/index.php?rest_route=%2Fwp%2Fv2%2Ftags&post=7843"}],"curies":[{"name":"wp","href":"https:\/\/api.w.org\/{rel}","templated":true}]}}