{"id":7885,"date":"2020-01-13T08:04:40","date_gmt":"2020-01-13T07:04:40","guid":{"rendered":"https:\/\/www.mouthiers-sur-boeme.fr\/?p=7885"},"modified":"2020-02-12T08:02:22","modified_gmt":"2020-02-12T07:02:22","slug":"7885","status":"publish","type":"post","link":"https:\/\/www.mouthiers-sur-boeme.fr\/?p=7885","title":{"rendered":"Les mis\u00e9rables \u00e0 20h30 jeudi 23 janvier"},"content":{"rendered":"<header>\n<h1 class=\"crayon article-titre-1513 \">Les Mis\u00e9rables<\/h1>\n<p><img loading=\"lazy\" class=\"alignnone size-medium wp-image-7886\" src=\"https:\/\/www.mouthiers-sur-boeme.fr\/wp-content\/uploads\/2020\/01\/les-miserables-222x300.jpg\" alt=\"\" width=\"222\" height=\"300\" \/><\/p>\n<div class=\"chapo crayon article-chapo-1513 clearfix\">\n<p>De <strong>Ladj Ly<\/strong> <br class=\"autobr\" \/> Avec <strong>Damien Bonnard, Alexis Manenti, Djebril Didier Zonga<\/strong> <br class=\"autobr\" \/> Genres <strong>Policier, Drame<\/strong> <br class=\"autobr\" \/> Nationalit\u00e9 <strong>fran\u00e7ais<\/strong> <br class=\"autobr\" \/> Dur\u00e9e <strong>1h 42<\/strong><\/p>\n<\/div>\n<\/header>\n<hr \/>\n<div class=\"crayon article-texte-1513 clearfix\">\n<p><span style=\"color: #ff0000;\">Avertissement\u00a0:<\/span> des sc\u00e8nes, des propos ou des images peuvent heurter la sensibilit\u00e9 des spectateurs.<\/p>\n<p><br class=\"autobr\" \/> St\u00e9phane, tout juste arriv\u00e9 de Cherbourg, int\u00e8gre la Brigade Anti-Criminalit\u00e9 de Montfermeil, dans le 93. Il va faire la rencontre de ses nouveaux co\u00e9quipiers, Chris et Gwada, deux \u00ab\u00a0Bacqueux\u00a0\u00bb d\u2019exp\u00e9rience. Il d\u00e9couvre rapidement les tensions entre les diff\u00e9rents groupes du quartier. Alors qu\u2019ils se trouvent d\u00e9bord\u00e9s lors d\u2019une interpellation, un drone filme leurs moindres faits et gestes&#8230;<\/p>\n<h5><em><strong>A l&rsquo;initiative des jeunes de Mouthiers, un d\u00e9bat suivra la projection du film.<\/strong><\/em><\/h5>\n<p><img loading=\"lazy\" class=\"alignnone size-medium wp-image-7896\" src=\"https:\/\/www.mouthiers-sur-boeme.fr\/wp-content\/uploads\/2020\/01\/CIN\u00c9-ECHANGES-LES-MISERABLES-300x163.jpg\" alt=\"\" width=\"300\" height=\"163\" srcset=\"https:\/\/www.mouthiers-sur-boeme.fr\/wp-content\/uploads\/2020\/01\/CIN\u00c9-ECHANGES-LES-MISERABLES-300x163.jpg 300w, https:\/\/www.mouthiers-sur-boeme.fr\/wp-content\/uploads\/2020\/01\/CIN\u00c9-ECHANGES-LES-MISERABLES-768x416.jpg 768w, https:\/\/www.mouthiers-sur-boeme.fr\/wp-content\/uploads\/2020\/01\/CIN\u00c9-ECHANGES-LES-MISERABLES-1024x555.jpg 1024w\" sizes=\"(max-width: 300px) 100vw, 300px\" \/><\/p>\n<\/div>\n","protected":false},"excerpt":{"rendered":"<p>Les Mis\u00e9rables De Ladj Ly Avec Damien Bonnard, Alexis Manenti, Djebril Didier Zonga Genres Policier, Drame Nationalit\u00e9 fran\u00e7ais Dur\u00e9e 1h 42 Avertissement\u00a0: des sc\u00e8nes, des propos ou des images peuvent heurter la sensibilit\u00e9 des spectateurs. St\u00e9phane, tout juste arriv\u00e9 de Cherbourg, int\u00e8gre la Brigade Anti-Criminalit\u00e9 de Montfermeil, dans le 93. Il va faire la rencontre &hellip; <a href=\"https:\/\/www.mouthiers-sur-boeme.fr\/?p=7885\" class=\"more-link\">Continuer la lecture de <span class=\"screen-reader-text\">Les mis\u00e9rables \u00e0 20h30 jeudi 23 janvier<\/span>  <span class=\"meta-nav\">&rarr;<\/span><\/a><\/p>\n","protected":false},"author":22,"featured_media":0,"comment_status":"open","ping_status":"open","sticky":false,"template":"","format":"standard","meta":[],"categories":[65,71],"tags":[],"_links":{"self":[{"href":"https:\/\/www.mouthiers-sur-boeme.fr\/index.php?rest_route=\/wp\/v2\/posts\/7885"}],"collection":[{"href":"https:\/\/www.mouthiers-sur-boeme.fr\/index.php?rest_route=\/wp\/v2\/posts"}],"about":[{"href":"https:\/\/www.mouthiers-sur-boeme.fr\/index.php?rest_route=\/wp\/v2\/types\/post"}],"author":[{"embeddable":true,"href":"https:\/\/www.mouthiers-sur-boeme.fr\/index.php?rest_route=\/wp\/v2\/users\/22"}],"replies":[{"embeddable":true,"href":"https:\/\/www.mouthiers-sur-boeme.fr\/index.php?rest_route=%2Fwp%2Fv2%2Fcomments&post=7885"}],"version-history":[{"count":6,"href":"https:\/\/www.mouthiers-sur-boeme.fr\/index.php?rest_route=\/wp\/v2\/posts\/7885\/revisions"}],"predecessor-version":[{"id":7897,"href":"https:\/\/www.mouthiers-sur-boeme.fr\/index.php?rest_route=\/wp\/v2\/posts\/7885\/revisions\/7897"}],"wp:attachment":[{"href":"https:\/\/www.mouthiers-sur-boeme.fr\/index.php?rest_route=%2Fwp%2Fv2%2Fmedia&parent=7885"}],"wp:term":[{"taxonomy":"category","embeddable":true,"href":"https:\/\/www.mouthiers-sur-boeme.fr\/index.php?rest_route=%2Fwp%2Fv2%2Fcategories&post=7885"},{"taxonomy":"post_tag","embeddable":true,"href":"https:\/\/www.mouthiers-sur-boeme.fr\/index.php?rest_route=%2Fwp%2Fv2%2Ftags&post=7885"}],"curies":[{"name":"wp","href":"https:\/\/api.w.org\/{rel}","templated":true}]}}