{"id":7908,"date":"2020-01-26T10:18:43","date_gmt":"2020-01-26T09:18:43","guid":{"rendered":"https:\/\/www.mouthiers-sur-boeme.fr\/?p=7908"},"modified":"2020-03-12T08:09:42","modified_gmt":"2020-03-12T07:09:42","slug":"jeudi-6-fevrier-20h30","status":"publish","type":"post","link":"https:\/\/www.mouthiers-sur-boeme.fr\/?p=7908","title":{"rendered":"Nouvelle programmation Jeudi 5 mars 20h30"},"content":{"rendered":"<header>\n<h4><span style=\"color: #ff0000;\">Suite \u00e0 des probl\u00e8mes techniques le jeudi 6 f\u00e9vrier, le film sera diffus\u00e9 le jeudi 5 mars.<\/span><\/h4>\n<h1 class=\"crayon article-titre-1508 \">J\u2019accuse<\/h1>\n<div class=\"chapo crayon article-chapo-1508 clearfix\">\n<p>De <strong>Roman Polanski<\/strong><br class=\"autobr\" \/> Avec <strong>Jean Dujardin, Louis Garrel, Emmanuelle Seigner<\/strong><br class=\"autobr\" \/> Genres <strong>Drame, Historique, Thriller<\/strong><br class=\"autobr\" \/> Nationalit\u00e9s <strong>britannique, polonais, fran\u00e7ais<\/strong> <br class=\"autobr\" \/> Dur\u00e9e <strong>2h 12<\/strong><\/p>\n<\/div>\n<\/header>\n<hr \/>\n<div class=\"crayon article-texte-1508 clearfix\">\n<p>Pendant les 12 ann\u00e9es qu\u2019elle dura, l\u2019Affaire Dreyfus d\u00e9chira la France, provoquant un v\u00e9ritable s\u00e9isme dans le monde entier.<br class=\"autobr\" \/> Dans cet immense scandale, le plus grand sans doute de la fin du XIX\u00e8me si\u00e8cle, se m\u00ealent erreur judiciaire, d\u00e9ni de justice et antis\u00e9mitisme. L\u2019affaire est racont\u00e9e du point de vue du Colonel Picquart qui, une fois nomm\u00e9 \u00e0 la t\u00eate du contre-espionnage, va d\u00e9couvrir que les preuves contre le Capitaine Alfred Dreyfus avaient \u00e9t\u00e9 fabriqu\u00e9es.<br class=\"autobr\" \/> A partir de cet instant et au p\u00e9ril de sa carri\u00e8re puis de sa vie, il n\u2019aura de cesse d\u2019identifier les vrais coupables et de r\u00e9habiliter Alfred Dreyfus.<\/p>\n<p><a href=\"https:\/\/www.crcatb.fr\/films-cinema-charente-crcatb\/article\/j-accuse\" target=\"_blank\" rel=\"noopener\">Bande annonce Site du CRCATB<\/a><\/p>\n<p>&nbsp;<\/p>\n<\/div>\n","protected":false},"excerpt":{"rendered":"<p>Suite \u00e0 des probl\u00e8mes techniques le jeudi 6 f\u00e9vrier, le film sera diffus\u00e9 le jeudi 5 mars. J\u2019accuse De Roman Polanski Avec Jean Dujardin, Louis Garrel, Emmanuelle Seigner Genres Drame, Historique, Thriller Nationalit\u00e9s britannique, polonais, fran\u00e7ais Dur\u00e9e 2h 12 Pendant les 12 ann\u00e9es qu\u2019elle dura, l\u2019Affaire Dreyfus d\u00e9chira la France, provoquant un v\u00e9ritable s\u00e9isme dans &hellip; <a href=\"https:\/\/www.mouthiers-sur-boeme.fr\/?p=7908\" class=\"more-link\">Continuer la lecture de <span class=\"screen-reader-text\">Nouvelle programmation Jeudi 5 mars 20h30<\/span>  <span class=\"meta-nav\">&rarr;<\/span><\/a><\/p>\n","protected":false},"author":22,"featured_media":0,"comment_status":"open","ping_status":"open","sticky":false,"template":"","format":"standard","meta":[],"categories":[65,71],"tags":[],"_links":{"self":[{"href":"https:\/\/www.mouthiers-sur-boeme.fr\/index.php?rest_route=\/wp\/v2\/posts\/7908"}],"collection":[{"href":"https:\/\/www.mouthiers-sur-boeme.fr\/index.php?rest_route=\/wp\/v2\/posts"}],"about":[{"href":"https:\/\/www.mouthiers-sur-boeme.fr\/index.php?rest_route=\/wp\/v2\/types\/post"}],"author":[{"embeddable":true,"href":"https:\/\/www.mouthiers-sur-boeme.fr\/index.php?rest_route=\/wp\/v2\/users\/22"}],"replies":[{"embeddable":true,"href":"https:\/\/www.mouthiers-sur-boeme.fr\/index.php?rest_route=%2Fwp%2Fv2%2Fcomments&post=7908"}],"version-history":[{"count":3,"href":"https:\/\/www.mouthiers-sur-boeme.fr\/index.php?rest_route=\/wp\/v2\/posts\/7908\/revisions"}],"predecessor-version":[{"id":7937,"href":"https:\/\/www.mouthiers-sur-boeme.fr\/index.php?rest_route=\/wp\/v2\/posts\/7908\/revisions\/7937"}],"wp:attachment":[{"href":"https:\/\/www.mouthiers-sur-boeme.fr\/index.php?rest_route=%2Fwp%2Fv2%2Fmedia&parent=7908"}],"wp:term":[{"taxonomy":"category","embeddable":true,"href":"https:\/\/www.mouthiers-sur-boeme.fr\/index.php?rest_route=%2Fwp%2Fv2%2Fcategories&post=7908"},{"taxonomy":"post_tag","embeddable":true,"href":"https:\/\/www.mouthiers-sur-boeme.fr\/index.php?rest_route=%2Fwp%2Fv2%2Ftags&post=7908"}],"curies":[{"name":"wp","href":"https:\/\/api.w.org\/{rel}","templated":true}]}}