{"id":7920,"date":"2020-01-30T09:57:55","date_gmt":"2020-01-30T08:57:55","guid":{"rendered":"https:\/\/www.mouthiers-sur-boeme.fr\/?p=7920"},"modified":"2020-03-18T10:10:44","modified_gmt":"2020-03-18T09:10:44","slug":"grand-angouleme-cycle-de-conferences-2020","status":"publish","type":"post","link":"https:\/\/www.mouthiers-sur-boeme.fr\/?p=7920","title":{"rendered":"Grand Angoul\u00eame &#8211; Cycle de conf\u00e9rences 2020"},"content":{"rendered":"<p>Cycle de conf\u00e9rences\u00a0 2020 Education &amp; culture. Entr\u00e9e libre<\/p>\n<p>6 f\u00e9vrier 18h30 &#8211; ALPHA \u00ab\u00a0Comprendre et accompagner les \u00e9motions et crises des enfants de 0 \u00e0 16 ans\u00a0\u00bb &#8211; \u00ab\u00a0selon la m\u00e9thode Fillozat\u00a0\u00bb : Fr\u00e9d\u00e9rique Le Goff et Florence Pineau<\/p>\n<p>18 f\u00e9vrier 18h30 &#8211; ALPHA\u00a0 \u00ab\u00a0L&rsquo;\u00e9volution de l&rsquo;accueil de l&rsquo;enfant : les d\u00e9couvertes en neurosciences\u00a0\u00bb : Marie-Jeanne Trouchaud<\/p>\n<p>17 mars 18h30 &#8211; CIBDI Salle N\u00e9mo \u00ab\u00a0Les rythmes biologiques de l&rsquo;enfant\u00a0\u00bb : Claire Leconte<\/p>\n<p>02 avril 18h30 &#8211; CNAM-ENJMIN Amphith\u00e9\u00e2tre du Nil \u00ab\u00a0Donner l&rsquo;envie d&rsquo;apprendre, un jeu d&rsquo;enfant\u00a0\u00bb : Philippe Meirieu<\/p>\n<p>14 avril 18h30 &#8211; CONSERVATOIRE GABRIEL FAURE \u00ab\u00a0La musique, un art pour grandir\u00a0\u00bb : Joanna Lucenet<\/p>\n","protected":false},"excerpt":{"rendered":"<p>Cycle de conf\u00e9rences\u00a0 2020 Education &amp; culture. Entr\u00e9e libre 6 f\u00e9vrier 18h30 &#8211; ALPHA \u00ab\u00a0Comprendre et accompagner les \u00e9motions et crises des enfants de 0 \u00e0 16 ans\u00a0\u00bb &#8211; \u00ab\u00a0selon la m\u00e9thode Fillozat\u00a0\u00bb : Fr\u00e9d\u00e9rique Le Goff et Florence Pineau 18 f\u00e9vrier 18h30 &#8211; ALPHA\u00a0 \u00ab\u00a0L&rsquo;\u00e9volution de l&rsquo;accueil de l&rsquo;enfant : les d\u00e9couvertes en neurosciences\u00a0\u00bb &hellip; <a href=\"https:\/\/www.mouthiers-sur-boeme.fr\/?p=7920\" class=\"more-link\">Continuer la lecture de <span class=\"screen-reader-text\">Grand Angoul\u00eame &#8211; Cycle de conf\u00e9rences 2020<\/span>  <span class=\"meta-nav\">&rarr;<\/span><\/a><\/p>\n","protected":false},"author":22,"featured_media":7972,"comment_status":"open","ping_status":"open","sticky":false,"template":"","format":"standard","meta":[],"categories":[85],"tags":[],"_links":{"self":[{"href":"https:\/\/www.mouthiers-sur-boeme.fr\/index.php?rest_route=\/wp\/v2\/posts\/7920"}],"collection":[{"href":"https:\/\/www.mouthiers-sur-boeme.fr\/index.php?rest_route=\/wp\/v2\/posts"}],"about":[{"href":"https:\/\/www.mouthiers-sur-boeme.fr\/index.php?rest_route=\/wp\/v2\/types\/post"}],"author":[{"embeddable":true,"href":"https:\/\/www.mouthiers-sur-boeme.fr\/index.php?rest_route=\/wp\/v2\/users\/22"}],"replies":[{"embeddable":true,"href":"https:\/\/www.mouthiers-sur-boeme.fr\/index.php?rest_route=%2Fwp%2Fv2%2Fcomments&post=7920"}],"version-history":[{"count":1,"href":"https:\/\/www.mouthiers-sur-boeme.fr\/index.php?rest_route=\/wp\/v2\/posts\/7920\/revisions"}],"predecessor-version":[{"id":7921,"href":"https:\/\/www.mouthiers-sur-boeme.fr\/index.php?rest_route=\/wp\/v2\/posts\/7920\/revisions\/7921"}],"wp:featuredmedia":[{"embeddable":true,"href":"https:\/\/www.mouthiers-sur-boeme.fr\/index.php?rest_route=\/wp\/v2\/media\/7972"}],"wp:attachment":[{"href":"https:\/\/www.mouthiers-sur-boeme.fr\/index.php?rest_route=%2Fwp%2Fv2%2Fmedia&parent=7920"}],"wp:term":[{"taxonomy":"category","embeddable":true,"href":"https:\/\/www.mouthiers-sur-boeme.fr\/index.php?rest_route=%2Fwp%2Fv2%2Fcategories&post=7920"},{"taxonomy":"post_tag","embeddable":true,"href":"https:\/\/www.mouthiers-sur-boeme.fr\/index.php?rest_route=%2Fwp%2Fv2%2Ftags&post=7920"}],"curies":[{"name":"wp","href":"https:\/\/api.w.org\/{rel}","templated":true}]}}