{"id":7922,"date":"2020-01-30T10:10:45","date_gmt":"2020-01-30T09:10:45","guid":{"rendered":"https:\/\/www.mouthiers-sur-boeme.fr\/?p=7922"},"modified":"2020-01-30T10:10:45","modified_gmt":"2020-01-30T09:10:45","slug":"fevrier-a-la-mediatheque-et-sur-le-reseau-papillon-lecture","status":"publish","type":"post","link":"https:\/\/www.mouthiers-sur-boeme.fr\/?p=7922","title":{"rendered":"F\u00e9vrier \u00e0 la m\u00e9diath\u00e8que et sur le r\u00e9seau Papillon-Lecture"},"content":{"rendered":"<p>Samedi 08 f\u00e9vrier \u00e0 14h30 M\u00e9diath\u00e8que La Caravelle \u00e0 Villebois-Lavalette. Prix des lecteurs Horte et Tardoire rencontre avec Estelle-Sarah Bulle. , laur\u00e9ate du Prix des Lecteurs du 1er roman pour son ouvrage \u00ab\u00a0les chiens qui aboient par la queue.\u00a0 Rencontre qui sera suivie d&rsquo;une vente de livres et d&rsquo;une s\u00e9ance de d\u00e9dicaces.<\/p>\n<p>Samedi 15 f\u00e9vrier\u00a0 \u00e0 14h30 Biblioth\u00e8que de Roullet rencontre et \u00e9changes avec Isabelle Julliand, psychologue pour pr\u00e9senter son ouvrage \u00ab\u00a0cr\u00e9er votre protocole challenge\u00a0\u00bb. Renseignements au 09 66 43 38 75<\/p>\n<p>Vendredi 21 f\u00e9vrier \u00e0 20h00 M\u00e9diath\u00e8que de Mouthiers : on poursuit les \u00e9changes 20 BD. Renseignements au 05 45 67 89 47<\/p>\n<p>Samedi 22 f\u00e9vrier \u00e0 10h00 Biblioth\u00e8que de Voeuil : atelier programmation de robots.<\/p>\n<p>LIRE EN F\u00caTE : EH OUI f\u00e9vrier c&rsquo;est aussi LIRE EN FETE : Le th\u00e8me : \u00e9patants POP UP. La m\u00e9diath\u00e8que\u00a0 en partenariat avec les \u00e9coles de Mouthiers &#8211; la MJC Jules Berry.<\/p>\n<p>Rendez vous \u00e0 la m\u00e9diath\u00e8que de Mouthiers :<\/p>\n<ul>\n<li>du 4 f\u00e9vrier au 7 mars exposition de POP UP<\/li>\n<li>Vernissage de l&rsquo;exposition vendredi 7 f\u00e9vrier \u00e0 18h30<\/li>\n<li>Conf\u00e9rence sur l&rsquo;histoire du POP UP vendredi 7 f\u00e9vrier \u00e0 20h00<\/li>\n<li>Atelier cr\u00e9ation de POP UP avec Julien Laparade samedi 8 f\u00e9vrier \u00e0 10h00<\/li>\n<li>Concours Lire en F\u00eate : du 22 f\u00e9vrier au 21 mars<\/li>\n<li>Atelier\u00a0 POP UP le mercredi 26 f\u00e9vrier \u00e0 15h00 pour le concours lire en f\u00eate.<\/li>\n<li>Pour tous renseignements : contacter la m\u00e9diath\u00e8que au 05 45 67 89 47 ou rendez-vous sur le site Papillon-Lecture<\/li>\n<\/ul>\n<p>&nbsp;<\/p>\n","protected":false},"excerpt":{"rendered":"<p>Samedi 08 f\u00e9vrier \u00e0 14h30 M\u00e9diath\u00e8que La Caravelle \u00e0 Villebois-Lavalette. Prix des lecteurs Horte et Tardoire rencontre avec Estelle-Sarah Bulle. , laur\u00e9ate du Prix des Lecteurs du 1er roman pour son ouvrage \u00ab\u00a0les chiens qui aboient par la queue.\u00a0 Rencontre qui sera suivie d&rsquo;une vente de livres et d&rsquo;une s\u00e9ance de d\u00e9dicaces. Samedi 15 f\u00e9vrier\u00a0 &hellip; <a href=\"https:\/\/www.mouthiers-sur-boeme.fr\/?p=7922\" class=\"more-link\">Continuer la lecture de <span class=\"screen-reader-text\">F\u00e9vrier \u00e0 la m\u00e9diath\u00e8que et sur le r\u00e9seau Papillon-Lecture<\/span>  <span class=\"meta-nav\">&rarr;<\/span><\/a><\/p>\n","protected":false},"author":22,"featured_media":0,"comment_status":"open","ping_status":"open","sticky":false,"template":"","format":"standard","meta":[],"categories":[20],"tags":[],"_links":{"self":[{"href":"https:\/\/www.mouthiers-sur-boeme.fr\/index.php?rest_route=\/wp\/v2\/posts\/7922"}],"collection":[{"href":"https:\/\/www.mouthiers-sur-boeme.fr\/index.php?rest_route=\/wp\/v2\/posts"}],"about":[{"href":"https:\/\/www.mouthiers-sur-boeme.fr\/index.php?rest_route=\/wp\/v2\/types\/post"}],"author":[{"embeddable":true,"href":"https:\/\/www.mouthiers-sur-boeme.fr\/index.php?rest_route=\/wp\/v2\/users\/22"}],"replies":[{"embeddable":true,"href":"https:\/\/www.mouthiers-sur-boeme.fr\/index.php?rest_route=%2Fwp%2Fv2%2Fcomments&post=7922"}],"version-history":[{"count":2,"href":"https:\/\/www.mouthiers-sur-boeme.fr\/index.php?rest_route=\/wp\/v2\/posts\/7922\/revisions"}],"predecessor-version":[{"id":7924,"href":"https:\/\/www.mouthiers-sur-boeme.fr\/index.php?rest_route=\/wp\/v2\/posts\/7922\/revisions\/7924"}],"wp:attachment":[{"href":"https:\/\/www.mouthiers-sur-boeme.fr\/index.php?rest_route=%2Fwp%2Fv2%2Fmedia&parent=7922"}],"wp:term":[{"taxonomy":"category","embeddable":true,"href":"https:\/\/www.mouthiers-sur-boeme.fr\/index.php?rest_route=%2Fwp%2Fv2%2Fcategories&post=7922"},{"taxonomy":"post_tag","embeddable":true,"href":"https:\/\/www.mouthiers-sur-boeme.fr\/index.php?rest_route=%2Fwp%2Fv2%2Ftags&post=7922"}],"curies":[{"name":"wp","href":"https:\/\/api.w.org\/{rel}","templated":true}]}}