{"id":7958,"date":"2020-02-23T09:39:06","date_gmt":"2020-02-23T08:39:06","guid":{"rendered":"https:\/\/www.mouthiers-sur-boeme.fr\/?p=7958"},"modified":"2020-03-18T10:09:53","modified_gmt":"2020-03-18T09:09:53","slug":"grand-destockage-de-printemps","status":"publish","type":"post","link":"https:\/\/www.mouthiers-sur-boeme.fr\/?p=7958","title":{"rendered":"D\u00c9STOCKAGE DE PRINTEMPS Le 28 mars de 9h \u00e0 13h"},"content":{"rendered":"<h1 align=\"justify\"><span style=\"color: #ff0000;\"><strong>ANNUL\u00c9<\/strong><\/span><\/h1>\n<p align=\"justify\">\n<p align=\"justify\"><span style=\"font-size: large;\"><b>Le <\/b><\/span><span style=\"font-size: large;\"><u><b>28 mars prochain de 9H \u00e0 13H<\/b><\/u><\/span><span style=\"font-size: large;\"><b> le Secours Populaire de Mouthiers organise dans son local 57 Rue de la Bo\u00ebme <\/b><\/span><span style=\"font-size: large;\"><u><b>un grand d\u00e9stockage de Printemps.<\/b><\/u><\/span><\/p>\n<p align=\"justify\"><span style=\"font-size: large;\"><b>Vous y trouverez tout ce dont vous avez besoin \u00e0 un prix imbattable\u00a0:<\/b><\/span><\/p>\n<p align=\"justify\"><span style=\"font-size: large;\"><b>&#8211; Brocante,<\/b><\/span><\/p>\n<p align=\"justify\"><span style=\"font-size: large;\"><b>&#8211; Layette<\/b><\/span><\/p>\n<p align=\"justify\"><span style=\"font-size: large;\"><b>&#8211; Tous v\u00eatements (homme \u2013 femme- enfants) hiver et \u00e9t\u00e9.<\/b><\/span><\/p>\n<p align=\"justify\"><span style=\"font-size: large;\"><b>&#8211; Linge de maison.<\/b><\/span><\/p>\n<p align=\"justify\"><span style=\"font-size: large;\"><b>&#8211; Chaussures.<\/b><\/span><\/p>\n<p align=\"justify\"><span style=\"font-size: large;\"><b>&#8211; Tableaux , mercerie etc&#8230;.<\/b><\/span><\/p>\n<p align=\"justify\"><img loading=\"lazy\" class=\"alignnone size-medium wp-image-7839\" src=\"https:\/\/www.mouthiers-sur-boeme.fr\/wp-content\/uploads\/2019\/12\/secours-pop-LOGO-ROGN\u00c9-300x188.jpg\" alt=\"\" width=\"300\" height=\"188\" srcset=\"https:\/\/www.mouthiers-sur-boeme.fr\/wp-content\/uploads\/2019\/12\/secours-pop-LOGO-ROGN\u00c9-300x188.jpg 300w, https:\/\/www.mouthiers-sur-boeme.fr\/wp-content\/uploads\/2019\/12\/secours-pop-LOGO-ROGN\u00c9-768x482.jpg 768w, https:\/\/www.mouthiers-sur-boeme.fr\/wp-content\/uploads\/2019\/12\/secours-pop-LOGO-ROGN\u00c9-1024x642.jpg 1024w, https:\/\/www.mouthiers-sur-boeme.fr\/wp-content\/uploads\/2019\/12\/secours-pop-LOGO-ROGN\u00c9.jpg 1181w\" sizes=\"(max-width: 300px) 100vw, 300px\" \/><\/p>\n","protected":false},"excerpt":{"rendered":"<p>ANNUL\u00c9 Le 28 mars prochain de 9H \u00e0 13H le Secours Populaire de Mouthiers organise dans son local 57 Rue de la Bo\u00ebme un grand d\u00e9stockage de Printemps. Vous y trouverez tout ce dont vous avez besoin \u00e0 un prix imbattable\u00a0: &#8211; Brocante, &#8211; Layette &#8211; Tous v\u00eatements (homme \u2013 femme- enfants) hiver et \u00e9t\u00e9. &hellip; <a href=\"https:\/\/www.mouthiers-sur-boeme.fr\/?p=7958\" class=\"more-link\">Continuer la lecture de <span class=\"screen-reader-text\">D\u00c9STOCKAGE DE PRINTEMPS Le 28 mars de 9h \u00e0 13h<\/span>  <span class=\"meta-nav\">&rarr;<\/span><\/a><\/p>\n","protected":false},"author":22,"featured_media":7961,"comment_status":"open","ping_status":"open","sticky":false,"template":"","format":"standard","meta":[],"categories":[84],"tags":[],"_links":{"self":[{"href":"https:\/\/www.mouthiers-sur-boeme.fr\/index.php?rest_route=\/wp\/v2\/posts\/7958"}],"collection":[{"href":"https:\/\/www.mouthiers-sur-boeme.fr\/index.php?rest_route=\/wp\/v2\/posts"}],"about":[{"href":"https:\/\/www.mouthiers-sur-boeme.fr\/index.php?rest_route=\/wp\/v2\/types\/post"}],"author":[{"embeddable":true,"href":"https:\/\/www.mouthiers-sur-boeme.fr\/index.php?rest_route=\/wp\/v2\/users\/22"}],"replies":[{"embeddable":true,"href":"https:\/\/www.mouthiers-sur-boeme.fr\/index.php?rest_route=%2Fwp%2Fv2%2Fcomments&post=7958"}],"version-history":[{"count":5,"href":"https:\/\/www.mouthiers-sur-boeme.fr\/index.php?rest_route=\/wp\/v2\/posts\/7958\/revisions"}],"predecessor-version":[{"id":8019,"href":"https:\/\/www.mouthiers-sur-boeme.fr\/index.php?rest_route=\/wp\/v2\/posts\/7958\/revisions\/8019"}],"wp:featuredmedia":[{"embeddable":true,"href":"https:\/\/www.mouthiers-sur-boeme.fr\/index.php?rest_route=\/wp\/v2\/media\/7961"}],"wp:attachment":[{"href":"https:\/\/www.mouthiers-sur-boeme.fr\/index.php?rest_route=%2Fwp%2Fv2%2Fmedia&parent=7958"}],"wp:term":[{"taxonomy":"category","embeddable":true,"href":"https:\/\/www.mouthiers-sur-boeme.fr\/index.php?rest_route=%2Fwp%2Fv2%2Fcategories&post=7958"},{"taxonomy":"post_tag","embeddable":true,"href":"https:\/\/www.mouthiers-sur-boeme.fr\/index.php?rest_route=%2Fwp%2Fv2%2Ftags&post=7958"}],"curies":[{"name":"wp","href":"https:\/\/api.w.org\/{rel}","templated":true}]}}