{"id":7993,"date":"2020-03-12T07:56:24","date_gmt":"2020-03-12T06:56:24","guid":{"rendered":"https:\/\/www.mouthiers-sur-boeme.fr\/?p=7993"},"modified":"2020-03-18T16:51:30","modified_gmt":"2020-03-18T15:51:30","slug":"mars-en-braconne-a-mouthiers-mardi-17-mars-2020-theatre","status":"publish","type":"post","link":"https:\/\/www.mouthiers-sur-boeme.fr\/?p=7993","title":{"rendered":"Mars en Braconne \u00e0 Mouthiers ANNUL\u00c9"},"content":{"rendered":"<p><strong><span style=\"color: #ff0000;\">MANIFESTATION ANNUL\u00c9E<\/span><\/strong><\/p>\n<p>&nbsp;<\/p>\n<p>Rendez-vous avec Mars en Braconne\u00a0 mardi 17 mars \u00e0 20h30 salle Gilles Ploquin.<\/p>\n<p><a href=\"http:\/\/www.marsenbraconne.fr\/\" target=\"_blank\" rel=\"noopener\">site de Mars en Braconne<\/a><\/p>\n<p>NOIRE &#8211; Tania de Montaigne &#8211; Tarifs 10 et 5 euros<\/p>\n<p>&nbsp;<\/p>\n<p>Avant Rosa Parks, en mars 1955, Claudette Colvin, jeune Noire d&rsquo;Alabama, dit non : elle ne c\u00e8de pas dans le bus sa place \u00e0 un Blanc. Noire est l&rsquo;histoire de cette h\u00e9ro\u00efne de quinze ans, toujours vivante, et presque m\u00e9connue. Noire est le portrait d&rsquo;une ville l\u00e9gendaire, o\u00f9 se croisent Martin Luther King, pasteur de vingt-six ans et Rosa Parks, couturi\u00e8re de quarante ans, pas encore M\u00e8re du mouvement des droits civiques. Noire est le r\u00e9cit d&rsquo;un combat qui dure encore contre la violence raciste et l&rsquo;arbitraire. Tania de Montaigne s&#8217;empare de son propre texte et fait entrer l&rsquo;auditoire dans la peau de son h\u00e9ro\u00efne.<\/p>\n<p><em>\u00ab\u00a0Prenez une profonde inspiration, soufflez, et suivez ma voix, d\u00e9sormais, vous \u00eates noir, un noir de l&rsquo;Alabama dans les ann\u00e9es cinquante. Vous voici en Alabama capitale : Montgom\u00e9ry&#8230;\u00a0\u00bb<\/em><\/p>\n","protected":false},"excerpt":{"rendered":"<p>MANIFESTATION ANNUL\u00c9E &nbsp; Rendez-vous avec Mars en Braconne\u00a0 mardi 17 mars \u00e0 20h30 salle Gilles Ploquin. site de Mars en Braconne NOIRE &#8211; Tania de Montaigne &#8211; Tarifs 10 et 5 euros &nbsp; Avant Rosa Parks, en mars 1955, Claudette Colvin, jeune Noire d&rsquo;Alabama, dit non : elle ne c\u00e8de pas dans le bus sa &hellip; <a href=\"https:\/\/www.mouthiers-sur-boeme.fr\/?p=7993\" class=\"more-link\">Continuer la lecture de <span class=\"screen-reader-text\">Mars en Braconne \u00e0 Mouthiers ANNUL\u00c9<\/span>  <span class=\"meta-nav\">&rarr;<\/span><\/a><\/p>\n","protected":false},"author":22,"featured_media":8004,"comment_status":"open","ping_status":"open","sticky":false,"template":"","format":"standard","meta":[],"categories":[83,82,86],"tags":[],"_links":{"self":[{"href":"https:\/\/www.mouthiers-sur-boeme.fr\/index.php?rest_route=\/wp\/v2\/posts\/7993"}],"collection":[{"href":"https:\/\/www.mouthiers-sur-boeme.fr\/index.php?rest_route=\/wp\/v2\/posts"}],"about":[{"href":"https:\/\/www.mouthiers-sur-boeme.fr\/index.php?rest_route=\/wp\/v2\/types\/post"}],"author":[{"embeddable":true,"href":"https:\/\/www.mouthiers-sur-boeme.fr\/index.php?rest_route=\/wp\/v2\/users\/22"}],"replies":[{"embeddable":true,"href":"https:\/\/www.mouthiers-sur-boeme.fr\/index.php?rest_route=%2Fwp%2Fv2%2Fcomments&post=7993"}],"version-history":[{"count":5,"href":"https:\/\/www.mouthiers-sur-boeme.fr\/index.php?rest_route=\/wp\/v2\/posts\/7993\/revisions"}],"predecessor-version":[{"id":8012,"href":"https:\/\/www.mouthiers-sur-boeme.fr\/index.php?rest_route=\/wp\/v2\/posts\/7993\/revisions\/8012"}],"wp:featuredmedia":[{"embeddable":true,"href":"https:\/\/www.mouthiers-sur-boeme.fr\/index.php?rest_route=\/wp\/v2\/media\/8004"}],"wp:attachment":[{"href":"https:\/\/www.mouthiers-sur-boeme.fr\/index.php?rest_route=%2Fwp%2Fv2%2Fmedia&parent=7993"}],"wp:term":[{"taxonomy":"category","embeddable":true,"href":"https:\/\/www.mouthiers-sur-boeme.fr\/index.php?rest_route=%2Fwp%2Fv2%2Fcategories&post=7993"},{"taxonomy":"post_tag","embeddable":true,"href":"https:\/\/www.mouthiers-sur-boeme.fr\/index.php?rest_route=%2Fwp%2Fv2%2Ftags&post=7993"}],"curies":[{"name":"wp","href":"https:\/\/api.w.org\/{rel}","templated":true}]}}