{"id":8032,"date":"2020-03-20T17:24:53","date_gmt":"2020-03-20T16:24:53","guid":{"rendered":"https:\/\/www.mouthiers-sur-boeme.fr\/?p=8032"},"modified":"2020-06-28T15:17:21","modified_gmt":"2020-06-28T14:17:21","slug":"la-mairie-vous-informe","status":"publish","type":"post","link":"https:\/\/www.mouthiers-sur-boeme.fr\/?p=8032","title":{"rendered":"LA MAIRIE VOUS INFORME"},"content":{"rendered":"<div id=\"col_principale\">\n<div class=\"content-view-full\">\n<div class=\"class-news\">\n<div class=\"attribute-text\">\n<h3>D\u00e9claration de d\u00e9placement en dehors de son d\u00e9partement et \u00e0 plus de 100km de sa r\u00e9sidence<\/h3>\n<p>La d\u00e9claration est exig\u00e9e lorsque le d\u00e9placement conduit<strong><span style=\"color: #ff0000;\"> \u00e0 la fois<\/span><\/strong> \u00e0 sortir :<\/p>\n<ul class=\"dark_bullet\">\n<li>d\u2019un p\u00e9rim\u00e8tre d\u00e9fini par un cercle d\u2019un rayon de 100 km autour du lieu de r\u00e9sidence (la distance de 100 km est donc calcul\u00e9e \u00ab\u00e0 vol d\u2019oiseau\u00bb),<\/li>\n<li>du d\u00e9partement.<\/li>\n<\/ul>\n<p>Il n&rsquo;est pas n\u00e9cessaire de se munir de la d\u00e9claration :<\/p>\n<ul class=\"dark_bullet\">\n<li>pour les d\u00e9placements de plus de 100 km effectu\u00e9s au sein de son d\u00e9partement de r\u00e9sidence.<\/li>\n<li>pour les d\u00e9placements en dehors du d\u00e9partement de r\u00e9sidence, dans la limite de 100km.<\/li>\n<\/ul>\n<p>La d\u00e9claration de d\u00e9placement en dehors de son d\u00e9partement et \u00e0 plus de 100km de sa r\u00e9sidence est t\u00e9l\u00e9chargeable ci-dessous aux formats <b>.pdf<\/b><\/p>\n<p><a href=\"https:\/\/www.mouthiers-sur-boeme.fr\/wp-content\/uploads\/2020\/03\/NOUVELLE21-05-20declaration-de-deplacement.pdf\" target=\"_blank\" rel=\"noopener\">NOUVELLE21-05-20declaration-de-deplacement<\/a><\/p>\n<p><a href=\"https:\/\/www.gouvernement.fr\/info-coronavirus\" target=\"_blank\" rel=\"noopener\">Plus d&rsquo;informations sur le site du gouvernement<\/a><\/p>\n<\/div>\n<\/div>\n<\/div>\n<\/div>\n<p><span style=\"color: #ff0000;\"><strong>LE MARCH\u00c9 DU JEUDI EST MAINTENU<\/strong><\/span><\/p>\n<p>La mairie est ferm\u00e9e au public jusqu&rsquo;\u00e0 nouvel ordre.<\/p>\n<p>Un accueil t\u00e9l\u00e9phonique est assur\u00e9 au 05 45 67 92 20 du lundi au vendredi.<\/p>\n<p>Il n&rsquo;y aura pas<!--more--> de d\u00e9livrance de Carte Nationale d&rsquo;Identit\u00e9 ni de passeport : le d\u00e9lai des 3 mois pour la remise des titres \u00e0 compter de leur r\u00e9ception en mairie pourrait \u00eatre prolong\u00e9 \u00e0 5 mois.. Ne vous inqui\u00e9tez pas.<\/p>\n<p><a href=\"https:\/\/www.mouthiers-sur-boeme.fr\/wp-content\/uploads\/2020\/03\/Quelques-r\u00e9ponses.pdf\" target=\"_blank\" rel=\"noopener\">Questions r\u00e9ponses<\/a><\/p>\n<p class=\"western\" align=\"left\"><span style=\"font-size: large;\"><b>\u00ab\u00a0entraide entre voisins\u00a0\u00bb <\/b><\/span><\/p>\n<p class=\"western\" align=\"left\"><span style=\"font-size: medium;\">En cette p\u00e9riode de confinement d\u00fb \u00e0 la gestion du COVID-19, l&rsquo;entraide est primordial<\/span><\/p>\n<p class=\"western\" align=\"left\"><span style=\"font-size: medium;\">La mairie contacte actuellement les personnes de plus de 70 ans, 2 fois par semaine pour prendre de leurs nouvelles et apporte leurs courses de premi\u00e8re n\u00e9cessit\u00e9 ou se rend \u00e0 la pharmacie.<\/span><\/p>\n<p class=\"western\" align=\"left\"><span style=\"font-size: medium;\">Cependant si vous connaissez d&rsquo;autres personnes dans le besoin, <\/span>si vous avez vous-m\u00eame des besoins (d\u00e9placements, courses alimentaires, pharmacie) ou si voulez vous proposer pour aider n&rsquo;h\u00e9sitez pas \u00e0 contacter la Mairie au <span id=\"OBJ_PREFIX_DWT3154_com_zimbra_phone\" class=\"Object\" role=\"link\"><a href=\"callto:05 45 67 92 20\">05 45 67 92 20<\/a><\/span>.<\/p>\n<p>Vous pouvez \u00e9galement laisser vos coordonn\u00e9es dans la rubrique COMMENTAIRE de cet article en pr\u00e9cisant vos besoins ou votre proposition d&rsquo;aide.<\/p>\n<p><span style=\"color: #ff0000;\">Dans le cadre de cette crise, la CAF est charg\u00e9e de coordonner les actions concernant les familles, en lien avec la Pr\u00e9fecture, notamment la mise en place des accueils d\u2019urgence des enfants du personnel soignant et des parents exer\u00e7ant un m\u00e9tier dit prioritaire selon les crit\u00e8res retenus par le gouvernement.<\/span><\/p>\n<p><span style=\"color: #ff0000;\"><strong>Ces familles ayant des besoins de garde imp\u00e9rieux justifi\u00e9s doivent s\u2019inscrire sur le site monenfant.fr.<\/strong><\/span><\/p>\n<p><span style=\"color: #ff0000;\"><strong>C\u2019est sur ce site que seront recens\u00e9s les besoins de garde pour les enfants de 0 \u00e0 3 ans et de 3 \u00e0 16 ans, par le biais d\u2019un questionnaire \u00e0 remplir. <\/strong><strong>Les familles inscrites sur le site monenfant.fr seront directement contact\u00e9es par les responsables des 2 structures. <\/strong><\/span><\/p>\n<p><span style=\"color: #ff0000;\">Pour plus d\u2019informations\u00a0:<\/span><\/p>\n<p><strong><a href=\"https:\/\/monenfant.fr\/web\/guest\/coronavirus-s%C3%A9lection-de-ressources-%C3%A0-destination-des-parents\">https:\/\/monenfant.fr\/web\/guest\/coronavirus-s%C3%A9lection-de-ressources-%C3%A0-destination-des-parents<\/a><\/strong>\u00a0<strong>\u00a0<\/strong><\/p>\n<p>La municipalit\u00e9 vous souhaite \u00e0 tous du courage et de la patience.<\/p>\n<p>Toutes personnes capables de confectionner des masques en tissu peuvent se faire conna\u00eetre aupr\u00e8s de la mairie par mail :<\/p>\n<p>mairie@mouthiers-sur-boeme.fr<\/p>\n<p>en pr\u00e9cisant le nombre SVP.<\/p>\n<p>Patron et d\u00e9marche \u00e0 suivre sur le site de l&rsquo;AFNOR<\/p>\n<p><a href=\"https:\/\/www.afnor.org\/\" target=\"_blank\" rel=\"noopener\">AFNOR<\/a><\/p>\n<p><strong><span style=\"color: #ff0000;\">\u00a0<\/span><\/strong><\/p>\n","protected":false},"excerpt":{"rendered":"<p>D\u00e9claration de d\u00e9placement en dehors de son d\u00e9partement et \u00e0 plus de 100km de sa r\u00e9sidence La d\u00e9claration est exig\u00e9e lorsque le d\u00e9placement conduit \u00e0 la fois \u00e0 sortir : d\u2019un p\u00e9rim\u00e8tre d\u00e9fini par un cercle d\u2019un rayon de 100 km autour du lieu de r\u00e9sidence (la distance de 100 km est donc calcul\u00e9e \u00ab\u00e0 &hellip; <a href=\"https:\/\/www.mouthiers-sur-boeme.fr\/?p=8032\" class=\"more-link\">Continuer la lecture de <span class=\"screen-reader-text\">LA MAIRIE VOUS INFORME<\/span>  <span class=\"meta-nav\">&rarr;<\/span><\/a><\/p>\n","protected":false},"author":22,"featured_media":8026,"comment_status":"open","ping_status":"open","sticky":false,"template":"","format":"standard","meta":[],"categories":[11],"tags":[],"_links":{"self":[{"href":"https:\/\/www.mouthiers-sur-boeme.fr\/index.php?rest_route=\/wp\/v2\/posts\/8032"}],"collection":[{"href":"https:\/\/www.mouthiers-sur-boeme.fr\/index.php?rest_route=\/wp\/v2\/posts"}],"about":[{"href":"https:\/\/www.mouthiers-sur-boeme.fr\/index.php?rest_route=\/wp\/v2\/types\/post"}],"author":[{"embeddable":true,"href":"https:\/\/www.mouthiers-sur-boeme.fr\/index.php?rest_route=\/wp\/v2\/users\/22"}],"replies":[{"embeddable":true,"href":"https:\/\/www.mouthiers-sur-boeme.fr\/index.php?rest_route=%2Fwp%2Fv2%2Fcomments&post=8032"}],"version-history":[{"count":12,"href":"https:\/\/www.mouthiers-sur-boeme.fr\/index.php?rest_route=\/wp\/v2\/posts\/8032\/revisions"}],"predecessor-version":[{"id":8204,"href":"https:\/\/www.mouthiers-sur-boeme.fr\/index.php?rest_route=\/wp\/v2\/posts\/8032\/revisions\/8204"}],"wp:featuredmedia":[{"embeddable":true,"href":"https:\/\/www.mouthiers-sur-boeme.fr\/index.php?rest_route=\/wp\/v2\/media\/8026"}],"wp:attachment":[{"href":"https:\/\/www.mouthiers-sur-boeme.fr\/index.php?rest_route=%2Fwp%2Fv2%2Fmedia&parent=8032"}],"wp:term":[{"taxonomy":"category","embeddable":true,"href":"https:\/\/www.mouthiers-sur-boeme.fr\/index.php?rest_route=%2Fwp%2Fv2%2Fcategories&post=8032"},{"taxonomy":"post_tag","embeddable":true,"href":"https:\/\/www.mouthiers-sur-boeme.fr\/index.php?rest_route=%2Fwp%2Fv2%2Ftags&post=8032"}],"curies":[{"name":"wp","href":"https:\/\/api.w.org\/{rel}","templated":true}]}}