{"id":8055,"date":"2020-03-23T22:38:16","date_gmt":"2020-03-23T21:38:16","guid":{"rendered":"https:\/\/www.mouthiers-sur-boeme.fr\/?p=8055"},"modified":"2020-04-29T08:42:53","modified_gmt":"2020-04-29T07:42:53","slug":"besoins-imperieux-de-garde-denfants","status":"publish","type":"post","link":"https:\/\/www.mouthiers-sur-boeme.fr\/?p=8055","title":{"rendered":"Besoins imp\u00e9rieux de garde d&rsquo;enfants"},"content":{"rendered":"<p>Dans le cadre de cette crise, la CAF est charg\u00e9e de coordonner les actions concernant les familles, en lien avec la Pr\u00e9fecture, notamment la mise en place des accueils d\u2019urgence des enfants du personnel soignant <!--more-->et des parents exer\u00e7ant un m\u00e9tier dit prioritaire selon les crit\u00e8res retenus par le gouvernement.<\/p>\n<p><strong>Ces familles ayant des besoins de garde imp\u00e9rieux justifi\u00e9s doivent s\u2019inscrire sur le site monenfant.fr.<\/strong><\/p>\n<p>C\u2019est sur ce site que seront recens\u00e9s les besoins de garde pour les enfants de<strong> 0 \u00e0 3 ans et de 3 \u00e0 16 ans, <\/strong>par le biais d\u2019un questionnaire \u00e0 remplir. Les familles inscrites sur le site monenfant.fr seront directement contact\u00e9es par les responsables des 2 structures.<\/p>\n<p>Pour plus d\u2019informations\u00a0:<\/p>\n<p><strong><a href=\"https:\/\/monenfant.fr\/web\/guest\/coronavirus-s%C3%A9lection-de-ressources-%C3%A0-destination-des-parents\" target=\"_blank\" rel=\"noopener\">https:\/\/monenfant.fr\/web\/guest\/coronavirus-s%C3%A9lection-de-ressources-%C3%A0-destination-des-parents<\/a><\/strong>\u00a0 <strong><br \/>\n<\/strong><\/p>\n","protected":false},"excerpt":{"rendered":"<p>Dans le cadre de cette crise, la CAF est charg\u00e9e de coordonner les actions concernant les familles, en lien avec la Pr\u00e9fecture, notamment la mise en place des accueils d\u2019urgence des enfants du personnel soignant<\/p>\n","protected":false},"author":22,"featured_media":0,"comment_status":"open","ping_status":"open","sticky":false,"template":"","format":"standard","meta":[],"categories":[14],"tags":[],"_links":{"self":[{"href":"https:\/\/www.mouthiers-sur-boeme.fr\/index.php?rest_route=\/wp\/v2\/posts\/8055"}],"collection":[{"href":"https:\/\/www.mouthiers-sur-boeme.fr\/index.php?rest_route=\/wp\/v2\/posts"}],"about":[{"href":"https:\/\/www.mouthiers-sur-boeme.fr\/index.php?rest_route=\/wp\/v2\/types\/post"}],"author":[{"embeddable":true,"href":"https:\/\/www.mouthiers-sur-boeme.fr\/index.php?rest_route=\/wp\/v2\/users\/22"}],"replies":[{"embeddable":true,"href":"https:\/\/www.mouthiers-sur-boeme.fr\/index.php?rest_route=%2Fwp%2Fv2%2Fcomments&post=8055"}],"version-history":[{"count":2,"href":"https:\/\/www.mouthiers-sur-boeme.fr\/index.php?rest_route=\/wp\/v2\/posts\/8055\/revisions"}],"predecessor-version":[{"id":8177,"href":"https:\/\/www.mouthiers-sur-boeme.fr\/index.php?rest_route=\/wp\/v2\/posts\/8055\/revisions\/8177"}],"wp:attachment":[{"href":"https:\/\/www.mouthiers-sur-boeme.fr\/index.php?rest_route=%2Fwp%2Fv2%2Fmedia&parent=8055"}],"wp:term":[{"taxonomy":"category","embeddable":true,"href":"https:\/\/www.mouthiers-sur-boeme.fr\/index.php?rest_route=%2Fwp%2Fv2%2Fcategories&post=8055"},{"taxonomy":"post_tag","embeddable":true,"href":"https:\/\/www.mouthiers-sur-boeme.fr\/index.php?rest_route=%2Fwp%2Fv2%2Ftags&post=8055"}],"curies":[{"name":"wp","href":"https:\/\/api.w.org\/{rel}","templated":true}]}}