{"id":8065,"date":"2020-03-27T11:05:29","date_gmt":"2020-03-27T10:05:29","guid":{"rendered":"https:\/\/www.mouthiers-sur-boeme.fr\/?p=8065"},"modified":"2020-06-28T09:33:39","modified_gmt":"2020-06-28T08:33:39","slug":"des-professionnels-a-votre-ecoute","status":"publish","type":"post","link":"https:\/\/www.mouthiers-sur-boeme.fr\/?p=8065","title":{"rendered":"DES PROFESSIONNELS \u00c0 VOTRE \u00c9COUTE"},"content":{"rendered":"<p>Dans ce contexte si particulier, \u00a0le service de M\u00e9diation familiale de l\u2019UDAF de la Charente \u00a0souhaite <b>maintenir sa pr\u00e9sence aupr\u00e8s des familles\u00a0 susceptibles de solliciter une m\u00e9diation en s\u2019appuyant sur une pratique de m\u00e9diation \u00e0 distance\u00a0 utilisant la\u00a0 \u00a0visioconf\u00e9rence\u00a0 mais aussi\u00a0 en r\u00e9pondant aux demandes de familles rencontrant des difficult\u00e9s relationnelles li\u00e9es au confinement.<\/b><\/p>\n<p><a href=\"https:\/\/www.mouthiers-sur-boeme.fr\/wp-content\/uploads\/2020\/03\/UDAF16-Mediation-Confinement.pdf\" target=\"_blank\" rel=\"noopener\">UDAF16 Mediation Confinement<\/a><\/p>\n<p class=\"ydp14088432yiv2994122933MsoNormal\">Les partenaires en sant\u00e9 de la Charente ont, face \u00e0 la crise COVID19 et \u00e0 la situation de confinement, cr\u00e9\u00e9e une cellule locale d\u2019\u00e9coute psychologique de premier recours qui sera fonctionnelle d\u00e8s <span id=\"OBJ_PREFIX_DWT170_com_zimbra_date\" class=\"Object\" role=\"link\">ce mercredi<\/span> 25 mars \u00e0 partir de 13h. Cette cellule <b>s\u2019adresse \u00e0 tous les charentais, ind\u00e9pendamment de l\u2019\u00e2ge et a pour objectif de rompre avec l\u2019isolement des personnes confin\u00e9es.<\/b><\/p>\n<p><a href=\"https:\/\/www.mouthiers-sur-boeme.fr\/wp-content\/uploads\/2020\/03\/flyercorana_ARS-1.jpg.pdf\" target=\"_blank\" rel=\"noopener\">Affiche de l&rsquo;ARS<\/a><\/p>\n<p><span style=\"color: #0000ff;\"><em>ARS Nouvelle-Aquitaine \/<\/em><em>D\u00e9l\u00e9gation d\u00e9partementale de la Charente<\/em><\/span><\/p>\n<p>Vous trouverez ci-dessous un guide r\u00e9alis\u00e9 gr\u00e2ce aux contributions de professionnelles et professionnels permettant de proposer 50 astuces aux parents avec ou sans enfants \u00e0 la maison. Il est disponible en ligne et je vous propose de le partager avec vos r\u00e9seaux pour soutenir les parents confin\u00e9s.<\/p>\n<p><a href=\"https:\/\/www.mouthiers-sur-boeme.fr\/wp-content\/uploads\/2020\/03\/Guide-des-parents-confin\u00e9s-50-astuces-de-pro.pdf\" target=\"_blank\" rel=\"noopener\">Guide des parents confin\u00e9s &#8211; 50 astuces de pro<\/a><\/p>\n<p>Dans la p\u00e9riode actuelle de confinement d\u00fb \u00e0 la gestion du COVID-19, l&rsquo;\u00c9tat reste tr\u00e8s vigilant concernant la prise en charge des victimes de violences conjugales. En effet, les violences conjugales peuvent \u00eatre exacerb\u00e9es quand les victimes, principalement les femmes et leurs enfants, restent enferm\u00e9es avec l\u2019auteur des violences. Elles se sentent \u00e9videmment tr\u00e8s en danger avec un sentiment d\u2019isolement plus important.<\/p>\n<p><a href=\"https:\/\/www.mouthiers-sur-boeme.fr\/wp-content\/uploads\/2020\/03\/portail-signalement-violences-sexuelles-sexistes.pdf\" target=\"_blank\" rel=\"noopener\">portail-signalement-violences-sexuelles-sexistes<\/a><\/p>\n<p><span style=\"color: #0000ff;\"><em>D\u00e9l\u00e9gation d\u00e9partementale aux droits des femmes<br \/>\net \u00e0 l&rsquo;\u00e9galit\u00e9 entre les femmes et les hommes<\/em><\/span><\/p>\n<p>&nbsp;<\/p>\n","protected":false},"excerpt":{"rendered":"<p>Dans ce contexte si particulier, \u00a0le service de M\u00e9diation familiale de l\u2019UDAF de la Charente \u00a0souhaite maintenir sa pr\u00e9sence aupr\u00e8s des familles\u00a0 susceptibles de solliciter une m\u00e9diation en s\u2019appuyant sur une pratique de m\u00e9diation \u00e0 distance\u00a0 utilisant la\u00a0 \u00a0visioconf\u00e9rence\u00a0 mais aussi\u00a0 en r\u00e9pondant aux demandes de familles rencontrant des difficult\u00e9s relationnelles li\u00e9es au confinement. UDAF16 &hellip; <a href=\"https:\/\/www.mouthiers-sur-boeme.fr\/?p=8065\" class=\"more-link\">Continuer la lecture de <span class=\"screen-reader-text\">DES PROFESSIONNELS \u00c0 VOTRE \u00c9COUTE<\/span>  <span class=\"meta-nav\">&rarr;<\/span><\/a><\/p>\n","protected":false},"author":22,"featured_media":8070,"comment_status":"open","ping_status":"open","sticky":false,"template":"","format":"standard","meta":[],"categories":[14],"tags":[],"_links":{"self":[{"href":"https:\/\/www.mouthiers-sur-boeme.fr\/index.php?rest_route=\/wp\/v2\/posts\/8065"}],"collection":[{"href":"https:\/\/www.mouthiers-sur-boeme.fr\/index.php?rest_route=\/wp\/v2\/posts"}],"about":[{"href":"https:\/\/www.mouthiers-sur-boeme.fr\/index.php?rest_route=\/wp\/v2\/types\/post"}],"author":[{"embeddable":true,"href":"https:\/\/www.mouthiers-sur-boeme.fr\/index.php?rest_route=\/wp\/v2\/users\/22"}],"replies":[{"embeddable":true,"href":"https:\/\/www.mouthiers-sur-boeme.fr\/index.php?rest_route=%2Fwp%2Fv2%2Fcomments&post=8065"}],"version-history":[{"count":4,"href":"https:\/\/www.mouthiers-sur-boeme.fr\/index.php?rest_route=\/wp\/v2\/posts\/8065\/revisions"}],"predecessor-version":[{"id":8168,"href":"https:\/\/www.mouthiers-sur-boeme.fr\/index.php?rest_route=\/wp\/v2\/posts\/8065\/revisions\/8168"}],"wp:featuredmedia":[{"embeddable":true,"href":"https:\/\/www.mouthiers-sur-boeme.fr\/index.php?rest_route=\/wp\/v2\/media\/8070"}],"wp:attachment":[{"href":"https:\/\/www.mouthiers-sur-boeme.fr\/index.php?rest_route=%2Fwp%2Fv2%2Fmedia&parent=8065"}],"wp:term":[{"taxonomy":"category","embeddable":true,"href":"https:\/\/www.mouthiers-sur-boeme.fr\/index.php?rest_route=%2Fwp%2Fv2%2Fcategories&post=8065"},{"taxonomy":"post_tag","embeddable":true,"href":"https:\/\/www.mouthiers-sur-boeme.fr\/index.php?rest_route=%2Fwp%2Fv2%2Ftags&post=8065"}],"curies":[{"name":"wp","href":"https:\/\/api.w.org\/{rel}","templated":true}]}}