{"id":8212,"date":"2020-06-25T06:49:52","date_gmt":"2020-06-25T05:49:52","guid":{"rendered":"https:\/\/www.mouthiers-sur-boeme.fr\/?p=8212"},"modified":"2020-08-29T08:23:25","modified_gmt":"2020-08-29T07:23:25","slug":"le-2-juillet-a-20h30-salle-g-ploquin","status":"publish","type":"post","link":"https:\/\/www.mouthiers-sur-boeme.fr\/?p=8212","title":{"rendered":"Le 2 juillet \u00e0 20h30 salle G.PLOQUIN"},"content":{"rendered":"<header>\n<h5><span style=\"color: #ff0000;\">S\u00e9ance offerte par la mairie et la MJC.<\/span><\/h5>\n<p><img loading=\"lazy\" class=\"alignnone size-medium wp-image-8214\" src=\"https:\/\/www.mouthiers-sur-boeme.fr\/wp-content\/uploads\/2020\/06\/labonne-\u00e9pouse-200x300.jpg\" alt=\"\" width=\"200\" height=\"300\" \/><\/p>\n<h1 class=\"crayon article-titre-1590 \">La Bonne \u00e9pouse<\/h1>\n<div class=\"chapo crayon article-chapo-1590 clearfix\">\n<p>De <strong>Martin Provost<\/strong> <br class=\"autobr\" \/> Avec <strong>Juliette Binoche, Yolande Moreau, No\u00e9mie Lvovsky<\/strong> <br class=\"autobr\" \/> Genre <strong>Com\u00e9die<\/strong> <br class=\"autobr\" \/> Nationalit\u00e9 <strong>fran\u00e7ais, belge<\/strong><br class=\"autobr\" \/> Dur\u00e9e <strong>1h 49<\/strong><\/p>\n<\/div>\n<\/header>\n<hr \/>\n<div class=\"crayon article-texte-1590 clearfix\">\n<p>Tenir son foyer et se plier au devoir conjugal sans moufter\u00a0: c\u2019est ce qu\u2019enseigne avec ardeur Paulette Van Der Beck dans son \u00e9cole m\u00e9nag\u00e8re. Ses certitudes vacillent quand elle se retrouve veuve et ruin\u00e9e. Est-ce le retour de son premier amour ou le vent de libert\u00e9 de mai 68\u00a0? Et si la bonne \u00e9pouse devenait une femme libre\u00a0?<\/p>\n<h5><span style=\"color: #ff0000;\">POUR RAISONS SANITAIRES, la s\u00e9ance est programm\u00e9e salle G.Ploquin. Merci de porter un masque.<\/span><\/h5>\n<h5><\/h5>\n<\/div>\n","protected":false},"excerpt":{"rendered":"<p>S\u00e9ance offerte par la mairie et la MJC. La Bonne \u00e9pouse De Martin Provost Avec Juliette Binoche, Yolande Moreau, No\u00e9mie Lvovsky Genre Com\u00e9die Nationalit\u00e9 fran\u00e7ais, belge Dur\u00e9e 1h 49 Tenir son foyer et se plier au devoir conjugal sans moufter\u00a0: c\u2019est ce qu\u2019enseigne avec ardeur Paulette Van Der Beck dans son \u00e9cole m\u00e9nag\u00e8re. Ses certitudes &hellip; <a href=\"https:\/\/www.mouthiers-sur-boeme.fr\/?p=8212\" class=\"more-link\">Continuer la lecture de <span class=\"screen-reader-text\">Le 2 juillet \u00e0 20h30 salle G.PLOQUIN<\/span>  <span class=\"meta-nav\">&rarr;<\/span><\/a><\/p>\n","protected":false},"author":22,"featured_media":0,"comment_status":"open","ping_status":"open","sticky":false,"template":"","format":"standard","meta":[],"categories":[65,11,71],"tags":[],"_links":{"self":[{"href":"https:\/\/www.mouthiers-sur-boeme.fr\/index.php?rest_route=\/wp\/v2\/posts\/8212"}],"collection":[{"href":"https:\/\/www.mouthiers-sur-boeme.fr\/index.php?rest_route=\/wp\/v2\/posts"}],"about":[{"href":"https:\/\/www.mouthiers-sur-boeme.fr\/index.php?rest_route=\/wp\/v2\/types\/post"}],"author":[{"embeddable":true,"href":"https:\/\/www.mouthiers-sur-boeme.fr\/index.php?rest_route=\/wp\/v2\/users\/22"}],"replies":[{"embeddable":true,"href":"https:\/\/www.mouthiers-sur-boeme.fr\/index.php?rest_route=%2Fwp%2Fv2%2Fcomments&post=8212"}],"version-history":[{"count":2,"href":"https:\/\/www.mouthiers-sur-boeme.fr\/index.php?rest_route=\/wp\/v2\/posts\/8212\/revisions"}],"predecessor-version":[{"id":8216,"href":"https:\/\/www.mouthiers-sur-boeme.fr\/index.php?rest_route=\/wp\/v2\/posts\/8212\/revisions\/8216"}],"wp:attachment":[{"href":"https:\/\/www.mouthiers-sur-boeme.fr\/index.php?rest_route=%2Fwp%2Fv2%2Fmedia&parent=8212"}],"wp:term":[{"taxonomy":"category","embeddable":true,"href":"https:\/\/www.mouthiers-sur-boeme.fr\/index.php?rest_route=%2Fwp%2Fv2%2Fcategories&post=8212"},{"taxonomy":"post_tag","embeddable":true,"href":"https:\/\/www.mouthiers-sur-boeme.fr\/index.php?rest_route=%2Fwp%2Fv2%2Ftags&post=8212"}],"curies":[{"name":"wp","href":"https:\/\/api.w.org\/{rel}","templated":true}]}}